{"id":2457,"date":"2024-06-13T09:07:34","date_gmt":"2024-06-13T12:07:34","guid":{"rendered":"https:\/\/partediario.com.ar\/?p=2457"},"modified":"2024-06-13T09:07:34","modified_gmt":"2024-06-13T12:07:34","slug":"tras-la-rotura-de-un-cano-de-agua-regresa-el-servicio-en-parana","status":"publish","type":"post","link":"https:\/\/partediario.com.ar\/?p=2457","title":{"rendered":"Tras la rotura de un ca\u00f1o de agua regresa el servicio en Paran\u00e1"},"content":{"rendered":"\n<h3 class=\"wp-block-heading\">El personal de Obras Sanitarias de la Municipalidad de Paran\u00e1 trabaj\u00f3 hasta altas horas de la noche para poder reparar el ca\u00f1o de agua.<\/h3>\n\n\n\n<p>La Municipalidad de Paran\u00e1 concluy\u00f3 con la reparaci\u00f3n del ca\u00f1o de agua, luego de una nueva intervenci\u00f3n que insumi\u00f3 toda la jornada del mi\u00e9rcoles. Esta situaci\u00f3n provoc\u00f3 la restricci\u00f3n del servicio a varios barrios de la ciudad. Seg\u00fan se inform\u00f3 desde el municipio, los trabajos fueron finalizados.<\/p>\n\n\n\n<p>El personal de Obras Sanitarias trabaj\u00f3 hasta la 1 de la madrugada de este jueves. Despu\u00e9s se reanud\u00f3 progresivamente el env\u00edo de agua desde la planta potabilizadora Echeverr\u00eda hacia los centros de distribuci\u00f3n Lola Mora y Parque del Lago.<\/p>\n\n\n\n<p><strong>Cu\u00e1ndo vuelve el agua en Paran\u00e1<\/strong><\/p>\n\n\n\n<p>Se espera que durante la ma\u00f1ana de este jueves comience poco a poco a normalizarse la provisi\u00f3n de agua en los distintos barrios de Paran\u00e1 afectados. Durante la madrugada y una vez terminada la reparaci\u00f3n se inici\u00f3 el bombeo a los centros de distribuci\u00f3n, pero se pide paciencia a los vecinos de los barrios afectados por el corte.<\/p>\n\n\n\n<p>Cabe destacar que se trata del mismo ca\u00f1o de agua potable de 900 mil\u00edmetros, ubicado en calle Echeverr\u00eda, que se rompi\u00f3 d\u00edas atr\u00e1s y ayer nuevamente debi\u00f3 ser reparado.<\/p>\n\n\n\n<p>Dicho conducto traslada agua potable desde la planta potabilizadora Echeverr\u00eda, hacia los centros de distribuci\u00f3n Lola Mora y Parque del Lago. El corte de agua afect\u00f3 a las zonas noreste, este y sudeste de la ciudad.<\/p>\n","protected":false},"excerpt":{"rendered":"<p>El personal de Obras Sanitarias de la Municipalidad de Paran&aacute; trabaj&oacute; hasta altas horas de la noche para poder reparar el ca&ntilde;o de agua. La Municipalidad de Paran&aacute; concluy&oacute; con la reparaci&oacute;n del ca&ntilde;o de agua, luego de una nueva intervenci&oacute;n que insumi&oacute; toda la jornada del mi&eacute;rcoles. Esta situaci&oacute;n provoc&oacute; la restricci&oacute;n del servicio [&hellip;]<\/p>\n","protected":false},"author":2,"featured_media":2458,"comment_status":"open","ping_status":"open","sticky":false,"template":"","format":"standard","meta":{"footnotes":""},"categories":[6],"tags":[269,210,265],"class_list":["post-2457","post","type-post","status-publish","format-standard","has-post-thumbnail","hentry","category-locales","tag-agua","tag-municipalidad","tag-parana"],"_links":{"self":[{"href":"https:\/\/partediario.com.ar\/index.php?rest_route=\/wp\/v2\/posts\/2457","targetHints":{"allow":["GET"]}}],"collection":[{"href":"https:\/\/partediario.com.ar\/index.php?rest_route=\/wp\/v2\/posts"}],"about":[{"href":"https:\/\/partediario.com.ar\/index.php?rest_route=\/wp\/v2\/types\/post"}],"author":[{"embeddable":true,"href":"https:\/\/partediario.com.ar\/index.php?rest_route=\/wp\/v2\/users\/2"}],"replies":[{"embeddable":true,"href":"https:\/\/partediario.com.ar\/index.php?rest_route=%2Fwp%2Fv2%2Fcomments&post=2457"}],"version-history":[{"count":1,"href":"https:\/\/partediario.com.ar\/index.php?rest_route=\/wp\/v2\/posts\/2457\/revisions"}],"predecessor-version":[{"id":2459,"href":"https:\/\/partediario.com.ar\/index.php?rest_route=\/wp\/v2\/posts\/2457\/revisions\/2459"}],"wp:featuredmedia":[{"embeddable":true,"href":"https:\/\/partediario.com.ar\/index.php?rest_route=\/wp\/v2\/media\/2458"}],"wp:attachment":[{"href":"https:\/\/partediario.com.ar\/index.php?rest_route=%2Fwp%2Fv2%2Fmedia&parent=2457"}],"wp:term":[{"taxonomy":"category","embeddable":true,"href":"https:\/\/partediario.com.ar\/index.php?rest_route=%2Fwp%2Fv2%2Fcategories&post=2457"},{"taxonomy":"post_tag","embeddable":true,"href":"https:\/\/partediario.com.ar\/index.php?rest_route=%2Fwp%2Fv2%2Ftags&post=2457"}],"curies":[{"name":"wp","href":"https:\/\/api.w.org\/{rel}","templated":true}]}}