{"id":2464,"date":"2024-06-13T09:30:22","date_gmt":"2024-06-13T12:30:22","guid":{"rendered":"https:\/\/partediario.com.ar\/?p=2464"},"modified":"2024-06-13T09:30:22","modified_gmt":"2024-06-13T12:30:22","slug":"alrededor-de-300-jovenes-participaron-de-un-taller-para-centros-de-estudiantes-de-parana","status":"publish","type":"post","link":"https:\/\/partediario.com.ar\/?p=2464","title":{"rendered":"Alrededor de 300 j\u00f3venes participaron de un taller para Centros de Estudiantes de Paran\u00e1"},"content":{"rendered":"\n<p><strong>La iniciativa es parte del programa provincial La Juventud en el Centro, articulado en este caso por la Municipalidad de Paran\u00e1 y el CGE. El objetivo es brindar herramientas y pr\u00e1cticas que formen j\u00f3venes comprometidos en actividades democr\u00e1ticas y ciudadanas.<\/strong><\/p>\n\n\n\n<p>El taller se desarroll\u00f3 este martes en la Sala Mayo en dos turnos, uno matutino y otro vespertino. Participaron, junto a los estudiantes, cerca de 50 docentes y unas 40 escuelas de la ciudad.<\/p>\n\n\n\n<p>El secretario de Gobierno y coordinaci\u00f3n de Gabinete, Santiago Halle, destac\u00f3 que \u201cla formaci\u00f3n en la vida democr\u00e1tica es uno de los ejes de gesti\u00f3n de la intendenta Rosario Romero. En este caso, trabajando junto a la Provincia, porque sabemos que las pol\u00edticas se fortalecen cuando se intercambia con los distintos niveles de gobierno\u201d.<\/p>\n\n\n\n<p>Ayel\u00e9n Acosta, secretaria de Pol\u00edticas del Cuidado, dependiente del Ministerio de Desarrollo Humano de Entre R\u00edos, explic\u00f3 que se trata de un programa que se viene llevando adelante en toda la provincia, a trav\u00e9s de la Direcci\u00f3n de Juventud. \u201cSe busca acompa\u00f1ar a los j\u00f3venes en este proceso democr\u00e1tico, ante todo, y que cada uno se pueda involucrar a trav\u00e9s de los centros de estudiantes\u201d, sostuvo.<\/p>\n\n\n\n<p><\/p>\n\n\n\n<figure class=\"wp-block-image size-large\"><img loading=\"lazy\" decoding=\"async\" width=\"1024\" height=\"682\" src=\"https:\/\/partediario.com.ar\/wp-content\/uploads\/2024\/06\/1718204048_bb0bb292f8088ac686d0-1024x682.jpeg\" alt=\"\" class=\"wp-image-2465\" srcset=\"https:\/\/partediario.com.ar\/wp-content\/uploads\/2024\/06\/1718204048_bb0bb292f8088ac686d0-1024x682.jpeg 1024w, https:\/\/partediario.com.ar\/wp-content\/uploads\/2024\/06\/1718204048_bb0bb292f8088ac686d0-300x200.jpeg 300w, https:\/\/partediario.com.ar\/wp-content\/uploads\/2024\/06\/1718204048_bb0bb292f8088ac686d0-768x512.jpeg 768w, https:\/\/partediario.com.ar\/wp-content\/uploads\/2024\/06\/1718204048_bb0bb292f8088ac686d0-1536x1023.jpeg 1536w, https:\/\/partediario.com.ar\/wp-content\/uploads\/2024\/06\/1718204048_bb0bb292f8088ac686d0.jpeg 1600w\" sizes=\"auto, (max-width: 1024px) 100vw, 1024px\" \/><\/figure>\n\n\n\n<p><\/p>\n\n\n\n<p><strong>La juventud en conjunto<\/strong><\/p>\n\n\n\n<p>Facundo Su\u00e1rez, director de Juventud y Ni\u00f1ez de Entre R\u00edos, agradeci\u00f3 a la Municipalidad de Paran\u00e1 por organizar la capacitaci\u00f3n. \u201cEn cada lugar que vamos la repercusi\u00f3n y el entusiasmo nos sorprende, el querer ser parte de su comunidad educativa presentando proyectos y propuestas\u201d, se\u00f1al\u00f3.<\/p>\n\n\n\n<p>Por su parte, Camila Fariza, directora del \u00e1rea de Juventud de la Municipalidad, explic\u00f3 que se sumaron numerosas escuelas, con gran repercusi\u00f3n y convocatoria. \u201cBienvenidas sean todas las que se quieran acercar a capacitar y formar a los chicos en una educaci\u00f3n democr\u00e1tica y en los valores y las obligaciones que tenemos como ciudadanos\u201d, indic\u00f3.<\/p>\n\n\n\n<p><\/p>\n\n\n\n<figure class=\"wp-block-embed is-type-video is-provider-youtube wp-block-embed-youtube wp-embed-aspect-16-9 wp-has-aspect-ratio\"><div class=\"wp-block-embed__wrapper\">\n<iframe loading=\"lazy\" title=\"Unos 300 j\u00f3venes participaron de un taller para Centros de Estudiantes\" width=\"640\" height=\"360\" src=\"https:\/\/www.youtube.com\/embed\/QZf4QxQP3gE?feature=oembed\" frameborder=\"0\" allow=\"accelerometer; autoplay; clipboard-write; encrypted-media; gyroscope; picture-in-picture; web-share\" referrerpolicy=\"strict-origin-when-cross-origin\" allowfullscreen><\/iframe>\n<\/div><\/figure>\n","protected":false},"excerpt":{"rendered":"<p>La iniciativa es parte del programa provincial La Juventud en el Centro, articulado en este caso por la Municipalidad de Paran&aacute; y el CGE. El objetivo es brindar herramientas y pr&aacute;cticas que formen j&oacute;venes comprometidos en actividades democr&aacute;ticas y ciudadanas. El taller se desarroll&oacute; este martes en la Sala Mayo en dos turnos, uno matutino [&hellip;]<\/p>\n","protected":false},"author":2,"featured_media":2466,"comment_status":"open","ping_status":"open","sticky":false,"template":"","format":"standard","meta":{"footnotes":""},"categories":[6],"tags":[277,278,210,265,276],"class_list":["post-2464","post","type-post","status-publish","format-standard","has-post-thumbnail","hentry","category-locales","tag-centro","tag-estudiantes","tag-municipalidad","tag-parana","tag-taller"],"_links":{"self":[{"href":"https:\/\/partediario.com.ar\/index.php?rest_route=\/wp\/v2\/posts\/2464","targetHints":{"allow":["GET"]}}],"collection":[{"href":"https:\/\/partediario.com.ar\/index.php?rest_route=\/wp\/v2\/posts"}],"about":[{"href":"https:\/\/partediario.com.ar\/index.php?rest_route=\/wp\/v2\/types\/post"}],"author":[{"embeddable":true,"href":"https:\/\/partediario.com.ar\/index.php?rest_route=\/wp\/v2\/users\/2"}],"replies":[{"embeddable":true,"href":"https:\/\/partediario.com.ar\/index.php?rest_route=%2Fwp%2Fv2%2Fcomments&post=2464"}],"version-history":[{"count":1,"href":"https:\/\/partediario.com.ar\/index.php?rest_route=\/wp\/v2\/posts\/2464\/revisions"}],"predecessor-version":[{"id":2467,"href":"https:\/\/partediario.com.ar\/index.php?rest_route=\/wp\/v2\/posts\/2464\/revisions\/2467"}],"wp:featuredmedia":[{"embeddable":true,"href":"https:\/\/partediario.com.ar\/index.php?rest_route=\/wp\/v2\/media\/2466"}],"wp:attachment":[{"href":"https:\/\/partediario.com.ar\/index.php?rest_route=%2Fwp%2Fv2%2Fmedia&parent=2464"}],"wp:term":[{"taxonomy":"category","embeddable":true,"href":"https:\/\/partediario.com.ar\/index.php?rest_route=%2Fwp%2Fv2%2Fcategories&post=2464"},{"taxonomy":"post_tag","embeddable":true,"href":"https:\/\/partediario.com.ar\/index.php?rest_route=%2Fwp%2Fv2%2Ftags&post=2464"}],"curies":[{"name":"wp","href":"https:\/\/api.w.org\/{rel}","templated":true}]}}