{"id":2478,"date":"2024-06-13T10:11:16","date_gmt":"2024-06-13T13:11:16","guid":{"rendered":"https:\/\/partediario.com.ar\/?p=2478"},"modified":"2024-06-13T10:11:16","modified_gmt":"2024-06-13T13:11:16","slug":"el-hospital-san-roque-de-parana-registra-una-alta-demanda-de-pacientes-con-infecciones-respiratorias","status":"publish","type":"post","link":"https:\/\/partediario.com.ar\/?p=2478","title":{"rendered":"El hospital San Roque de Paran\u00e1 registra una alta demanda de pacientes con infecciones respiratorias"},"content":{"rendered":"\n<p><strong>La Guardia del establecimiento pedi\u00e1trico de referencia de Entre R\u00edos atendi\u00f3 1.900 ni\u00f1as y ni\u00f1os en apenas una semana. Ante el importante incremento de consultas por cuadros respiratorios, las autoridades reiteraron que la mayor\u00eda de los casos se pueden resolver en las postas respiratorias.<\/strong><\/p>\n\n\n\n<p>El director del Hospital Materno Infantil San Roque de la capital provincial, Alejandro Cal\u00f3gero, se refiri\u00f3 en conferencia de prensa a la situaci\u00f3n que determin\u00f3 una alta demanda, por un lado, el hecho que se registraran alrededor de 1.900 consultas por guardia externa, del cual casi un 75 por ciento fueron cuadros de v\u00edas respiratorias y las derivaciones de otros centros asistenciales.<\/p>\n\n\n\n<p>\u201cMuchos pacientes llegan al hospital por derivaci\u00f3n de otros centros sanitarios y cuando el paciente requiere de alta complejidad -porque presenta un cuadro agudo- se le brinda la atenci\u00f3n necesaria, para que una vez que atraviesa favorablemente esta etapa, vuelva a su lugar de residencia a fin de liberar las unidades de internaci\u00f3n\u201d, afirm\u00f3.<\/p>\n\n\n\n<p><\/p>\n\n\n\n<figure class=\"wp-block-embed is-type-video is-provider-youtube wp-block-embed-youtube wp-embed-aspect-16-9 wp-has-aspect-ratio\"><div class=\"wp-block-embed__wrapper\">\n<iframe loading=\"lazy\" title=\"El Hospital San Roque de Paran\u00e1 registra una alta demanda de pacientes con infecciones respiratorias\" width=\"640\" height=\"360\" src=\"https:\/\/www.youtube.com\/embed\/hnnO8uEHRg0?feature=oembed\" frameborder=\"0\" allow=\"accelerometer; autoplay; clipboard-write; encrypted-media; gyroscope; picture-in-picture; web-share\" referrerpolicy=\"strict-origin-when-cross-origin\" allowfullscreen><\/iframe>\n<\/div><\/figure>\n\n\n\n<p>Cal\u00f3gero inform\u00f3 que ante la consulta por causas respiratorias, se puede acudir al sistema de postas respiratorias (en la provincia funcionan 14), donde los equipos de salud est\u00e1n preparados para este tipo de atenci\u00f3n inmediata y, a su vez, esto permite liberar los servicios del hospital.<\/p>\n\n\n\n<p>En estos d\u00edas, se ha registrado que en la poblaci\u00f3n pedi\u00e1trica los tres virus que mayormente predominan son influenza en primer lugar, sincicial respiratorio luego, y en menor medida Covid-19.<\/p>\n\n\n\n<p>\u201cEn este momento, tenemos un 90 por ciento de ocupaci\u00f3n de camas, es decir que la disponibilidad que tenemos actualmente es muy escasa\u201d, expres\u00f3 y advirti\u00f3 que de ese 90 por ciento casi un 70 corresponde a cuadros respiratorios.<\/p>\n\n\n\n<p>\u00abLa mayor\u00eda de los pacientes internados son chicos con Gripe A, cuya edad es mayor a los 2 a\u00f1os. Si bien el hospital mantiene una din\u00e1mica de internaciones abreviadas, la ocupaci\u00f3n de camas del nosocomio es alta\u201d, dijo para hacer hincapi\u00e9 en que, si bien la fiebre genera preocupaci\u00f3n en los padres, la mayor\u00eda de los casos pueden atenderse en los centros de salud o Centros Regionales de Referencia (CRR). \u201cDe este modo, si se acude al establecimiento m\u00e1s cercano se puede evitar la enorme demanda de consultas que tenemos en el hospital\u201d.<\/p>\n\n\n\n<p>En ese sentido, Cal\u00f3gero fue categ\u00f3rico al se\u00f1alar que Paran\u00e1 tiene cinco postas respiratorias: en los CRR Ram\u00f3n Carrillo, Gerardo Domagk, O\u00f1ativia, y en los hospitales San Roque y De La Baxada. Asimismo, en el resto de la provincia tambi\u00e9n hay postas distribuidas en Concordia, Concepci\u00f3n del Uruguay y Gualeguaych\u00fa.<\/p>\n\n\n\n<p><strong>Recomendaciones<\/strong><\/p>\n\n\n\n<p>A fin de evitar contagios y disminuir la circulaci\u00f3n de los virus, el director del hospital reiter\u00f3 una serie de recomendaciones a tener en cuenta. \u201cEs importante que ante la presencia de s\u00edntomas, los chicos no concurran a las guarder\u00edas o la escuela, porque al ser grupos cerrados de contacto se genera mayor transmisibilidad por secreci\u00f3n respiratoria\u201d, detall\u00f3.<\/p>\n\n\n\n<p>Al mismo tiempo, es preciso adoptar como medida de prevenci\u00f3n la ventilaci\u00f3n de los espacios, lavarse las manos con frecuencia y toser o estornudar en el pliegue del codo.<\/p>\n","protected":false},"excerpt":{"rendered":"<p>La Guardia del establecimiento pedi&aacute;trico de referencia de Entre R&iacute;os atendi&oacute; 1.900 ni&ntilde;as y ni&ntilde;os en apenas una semana. Ante el importante incremento de consultas por cuadros respiratorios, las autoridades reiteraron que la mayor&iacute;a de los casos se pueden resolver en las postas respiratorias. El director del Hospital Materno Infantil San Roque de la capital [&hellip;]<\/p>\n","protected":false},"author":2,"featured_media":2479,"comment_status":"open","ping_status":"open","sticky":false,"template":"","format":"standard","meta":{"footnotes":""},"categories":[6],"tags":[289,287,290,265,291,288],"class_list":["post-2478","post","type-post","status-publish","format-standard","has-post-thumbnail","hentry","category-locales","tag-alejandro-calogero","tag-hospital","tag-infecciones","tag-parana","tag-respiratorias","tag-san-roque"],"_links":{"self":[{"href":"https:\/\/partediario.com.ar\/index.php?rest_route=\/wp\/v2\/posts\/2478","targetHints":{"allow":["GET"]}}],"collection":[{"href":"https:\/\/partediario.com.ar\/index.php?rest_route=\/wp\/v2\/posts"}],"about":[{"href":"https:\/\/partediario.com.ar\/index.php?rest_route=\/wp\/v2\/types\/post"}],"author":[{"embeddable":true,"href":"https:\/\/partediario.com.ar\/index.php?rest_route=\/wp\/v2\/users\/2"}],"replies":[{"embeddable":true,"href":"https:\/\/partediario.com.ar\/index.php?rest_route=%2Fwp%2Fv2%2Fcomments&post=2478"}],"version-history":[{"count":1,"href":"https:\/\/partediario.com.ar\/index.php?rest_route=\/wp\/v2\/posts\/2478\/revisions"}],"predecessor-version":[{"id":2480,"href":"https:\/\/partediario.com.ar\/index.php?rest_route=\/wp\/v2\/posts\/2478\/revisions\/2480"}],"wp:featuredmedia":[{"embeddable":true,"href":"https:\/\/partediario.com.ar\/index.php?rest_route=\/wp\/v2\/media\/2479"}],"wp:attachment":[{"href":"https:\/\/partediario.com.ar\/index.php?rest_route=%2Fwp%2Fv2%2Fmedia&parent=2478"}],"wp:term":[{"taxonomy":"category","embeddable":true,"href":"https:\/\/partediario.com.ar\/index.php?rest_route=%2Fwp%2Fv2%2Fcategories&post=2478"},{"taxonomy":"post_tag","embeddable":true,"href":"https:\/\/partediario.com.ar\/index.php?rest_route=%2Fwp%2Fv2%2Ftags&post=2478"}],"curies":[{"name":"wp","href":"https:\/\/api.w.org\/{rel}","templated":true}]}}