{"id":2484,"date":"2024-06-13T10:54:45","date_gmt":"2024-06-13T13:54:45","guid":{"rendered":"https:\/\/partediario.com.ar\/?p=2484"},"modified":"2024-06-13T10:54:45","modified_gmt":"2024-06-13T13:54:45","slug":"hace-81-anos-se-autorizaba-la-transferencia-del-pueblo-de-santa-elena","status":"publish","type":"post","link":"https:\/\/partediario.com.ar\/?p=2484","title":{"rendered":"Hace 81 a\u00f1os se autorizaba la transferencia del pueblo de Santa Elena"},"content":{"rendered":"\n<p><strong>El 13 de junio de 1943 estaba prevista la inauguraci\u00f3n oficial del Pueblo de Santa Elena, establecida mediante Resoluci\u00f3n n\u00b0 174 del Ministerio de Gobierno de Entre R\u00edos.<\/strong><\/p>\n\n\n\n<p>Dicha resoluci\u00f3n inclu\u00eda la aprobaci\u00f3n del plano de la comunidad y la autorizaci\u00f3n para la escrituraci\u00f3n del terreno, que pertenec\u00eda a Establecimientos Argentinos Bovril Limitada.<\/p>\n\n\n\n<p><\/p>\n\n\n\n<figure class=\"wp-block-image size-full\"><img loading=\"lazy\" decoding=\"async\" width=\"720\" height=\"511\" src=\"https:\/\/partediario.com.ar\/wp-content\/uploads\/2024\/06\/448273703_870987851739638_5057282092247365546_n.jpg\" alt=\"\" class=\"wp-image-2485\" srcset=\"https:\/\/partediario.com.ar\/wp-content\/uploads\/2024\/06\/448273703_870987851739638_5057282092247365546_n.jpg 720w, https:\/\/partediario.com.ar\/wp-content\/uploads\/2024\/06\/448273703_870987851739638_5057282092247365546_n-300x213.jpg 300w\" sizes=\"auto, (max-width: 720px) 100vw, 720px\" \/><\/figure>\n\n\n\n<p><\/p>\n\n\n\n<p>Para las 11:15, de aqu\u00e9l d\u00eda, el Parque G.H. Kent &#8211; actual Club Urquiza &#8211; ser\u00eda la sede de la ceremonia con la presencia del Gobernador Enrique Mihura. Sin embargo, el golpe de estado ocurrido el 4 de junio de ese a\u00f1o, imposibilit\u00f3 la realizaci\u00f3n del acto, que reci\u00e9n pudo concretarse el 9 de junio de 1950, mediante un nuevo Decreto, n\u00b0 422, teniendo Santa Elena, en aquel entonces, 6.828 habitantes.<\/p>\n\n\n\n<p>La Asociaci\u00f3n Siglo y Medio &#8211; Cultura Accesible digitaliz\u00f3 la invitaci\u00f3n hist\u00f3rica de aquella \u00e9poca.<\/p>\n","protected":false},"excerpt":{"rendered":"<p>El 13 de junio de 1943 estaba prevista la inauguraci&oacute;n oficial del Pueblo de Santa Elena, establecida mediante Resoluci&oacute;n n&deg; 174 del Ministerio de Gobierno de Entre R&iacute;os. Dicha resoluci&oacute;n inclu&iacute;a la aprobaci&oacute;n del plano de la comunidad y la autorizaci&oacute;n para la escrituraci&oacute;n del terreno, que pertenec&iacute;a a Establecimientos Argentinos Bovril Limitada. Para las [&hellip;]<\/p>\n","protected":false},"author":2,"featured_media":2488,"comment_status":"open","ping_status":"open","sticky":false,"template":"","format":"standard","meta":{"footnotes":""},"categories":[8],"tags":[257,207],"class_list":["post-2484","post","type-post","status-publish","format-standard","has-post-thumbnail","hentry","category-provinciales","tag-entre-rios","tag-santa-elena"],"_links":{"self":[{"href":"https:\/\/partediario.com.ar\/index.php?rest_route=\/wp\/v2\/posts\/2484","targetHints":{"allow":["GET"]}}],"collection":[{"href":"https:\/\/partediario.com.ar\/index.php?rest_route=\/wp\/v2\/posts"}],"about":[{"href":"https:\/\/partediario.com.ar\/index.php?rest_route=\/wp\/v2\/types\/post"}],"author":[{"embeddable":true,"href":"https:\/\/partediario.com.ar\/index.php?rest_route=\/wp\/v2\/users\/2"}],"replies":[{"embeddable":true,"href":"https:\/\/partediario.com.ar\/index.php?rest_route=%2Fwp%2Fv2%2Fcomments&post=2484"}],"version-history":[{"count":1,"href":"https:\/\/partediario.com.ar\/index.php?rest_route=\/wp\/v2\/posts\/2484\/revisions"}],"predecessor-version":[{"id":2489,"href":"https:\/\/partediario.com.ar\/index.php?rest_route=\/wp\/v2\/posts\/2484\/revisions\/2489"}],"wp:featuredmedia":[{"embeddable":true,"href":"https:\/\/partediario.com.ar\/index.php?rest_route=\/wp\/v2\/media\/2488"}],"wp:attachment":[{"href":"https:\/\/partediario.com.ar\/index.php?rest_route=%2Fwp%2Fv2%2Fmedia&parent=2484"}],"wp:term":[{"taxonomy":"category","embeddable":true,"href":"https:\/\/partediario.com.ar\/index.php?rest_route=%2Fwp%2Fv2%2Fcategories&post=2484"},{"taxonomy":"post_tag","embeddable":true,"href":"https:\/\/partediario.com.ar\/index.php?rest_route=%2Fwp%2Fv2%2Ftags&post=2484"}],"curies":[{"name":"wp","href":"https:\/\/api.w.org\/{rel}","templated":true}]}}