{"id":2501,"date":"2024-06-13T17:51:47","date_gmt":"2024-06-13T20:51:47","guid":{"rendered":"https:\/\/partediario.com.ar\/?p=2501"},"modified":"2024-06-13T17:51:47","modified_gmt":"2024-06-13T20:51:47","slug":"azcue-hizo-publico-su-apoyo-a-kueider-por-su-voto-a-favor-de-la-aprobacion-de-la-ley-bases","status":"publish","type":"post","link":"https:\/\/partediario.com.ar\/?p=2501","title":{"rendered":"Azcu\u00e9 hizo p\u00fablico su apoyo a Kueider por su voto a favor de la aprobaci\u00f3n de la Ley Bases"},"content":{"rendered":"\n<h3 class=\"wp-block-heading\">El intendente de Concordia, Francisco Azcu\u00e9, de Juntos por Entre R\u00edos, respald\u00f3 al senador nacional Edgardo Kueider tras su voto positivo a la Ley Bases en el Senado.<\/h3>\n\n\n\n<p>Las afirmaciones p\u00fablicas sobre la Ley Bases, indican un cambio en la estrategia de Azcu\u00e9, quien hasta ahora hab\u00eda mantenido un perfil bajo desde el inicio de su gesti\u00f3n.<\/p>\n\n\n\n<p>Azcu\u00e9 expres\u00f3 su apoyo en la red social X, felicitando a los senadores de Entre R\u00edos por respaldar el paquete de medidas. \u201cQuiero felicitar a los senadores nacionales que representan a la provincia de Entre R\u00edos por apoyar este paquete de medidas\u201d, expres\u00f3. Azcu\u00e9 subray\u00f3 espec\u00edficamente a Kueider, agradeci\u00e9ndole por su voto favorable y argumentando que la ley permitir\u00e1 avanzar hacia un horizonte de crecimiento y desarrollo para Argentina.<\/p>\n\n\n\n<p><\/p>\n\n\n\n<blockquote class=\"twitter-tweet\"><p lang=\"es\" dir=\"ltr\">Quiero felicitar a los senadores nacionales que representan a la provincia de <a href=\"https:\/\/twitter.com\/hashtag\/EntreR%C3%ADos?src=hash&amp;ref_src=twsrc%5Etfw\">#EntreR\u00edos<\/a>, por apoyar este paquete de medidas. Agradecer a <a href=\"https:\/\/twitter.com\/EdgardoKueider?ref_src=twsrc%5Etfw\">@EdgardoKueider<\/a> por acompa\u00f1ar esta Ley que sin dudas le permitir\u00e1 a nuestra ciudad avanzar hacia un horizonte de crecimiento y desarrollo.<\/p>&mdash; Gringo Azcue (@azcue_francisco) <a href=\"https:\/\/twitter.com\/azcue_francisco\/status\/1801227159555436610?ref_src=twsrc%5Etfw\">June 13, 2024<\/a><\/blockquote> <script async src=\"https:\/\/platform.twitter.com\/widgets.js\" charset=\"utf-8\"><\/script>\n\n\n\n<p>El intendente, miembro de Evoluci\u00f3n Radical, destac\u00f3 la importancia del proyecto legislativo, asegurando que es clave para sacar a Argentina de su actual situaci\u00f3n y lograr estabilidad pol\u00edtica, social y econ\u00f3mica. \u201cLa aprobaci\u00f3n de la #leyBases es parte de esa transformaci\u00f3n que tambi\u00e9n impulsamos desde Concordia\u201d, acot\u00f3.<\/p>\n\n\n\n<p>El respaldo de Azcu\u00e9 se da en un momento de tensi\u00f3n dentro del peronismo, donde varios sectores han criticado el apoyo de Kueider al principal proyecto pol\u00edtico de Javier Milei. En el Senado, los legisladores de Uni\u00f3n por la Patria cuestionaron duramente el voto positivo del bloque Unidad Federal, al que pertenece Kueider.<\/p>\n\n\n\n<p>Ante las cr\u00edticas y los pedidos de expulsi\u00f3n del peronismo, Kueider ha defendido su voto en declaraciones period\u00edsticas, reafirmando su lealtad al partido a pesar de las sanciones propuestas tras su firma del dictamen que permiti\u00f3 el tratamiento de la ley.<\/p>\n\n\n\n<p>El apoyo de Azcu\u00e9 a Kueider no es un hecho aislado, ambos ya hab\u00edan mostrado se\u00f1ales de acercamiento durante las inundaciones en Concordia, y recientemente, Azcu\u00e9 dio a conocer su apertura a un acuerdo social que incluye al ex intendente Enrique Cresto, quien tiene una estrecha relaci\u00f3n con Kueider, especialmente desde la campa\u00f1a del a\u00f1o pasado en la ciudad.<\/p>\n\n\n\n<p>Este respaldo p\u00fablico de Azcu\u00e9 a Kueider marca un nuevo cap\u00edtulo en la pol\u00edtica local, sugiriendo posibles alianzas y colaboraciones futuras que podr\u00edan redefinir el panorama pol\u00edtico de Concordia y Entre R\u00edos.<\/p>\n","protected":false},"excerpt":{"rendered":"<p>El intendente de Concordia, Francisco Azcu&eacute;, de Juntos por Entre R&iacute;os, respald&oacute; al senador nacional Edgardo Kueider tras su voto positivo a la Ley Bases en el Senado. Las afirmaciones p&uacute;blicas sobre la Ley Bases, indican un cambio en la estrategia de Azcu&eacute;, quien hasta ahora hab&iacute;a mantenido un perfil bajo desde el inicio de [&hellip;]<\/p>\n","protected":false},"author":2,"featured_media":2502,"comment_status":"open","ping_status":"open","sticky":false,"template":"","format":"standard","meta":{"footnotes":""},"categories":[176,8],"tags":[309,280,308,223],"class_list":["post-2501","post","type-post","status-publish","format-standard","has-post-thumbnail","hentry","category-politica","category-provinciales","tag-apoyo","tag-edgardo-kueider","tag-francisco-azcue","tag-ley-bases"],"_links":{"self":[{"href":"https:\/\/partediario.com.ar\/index.php?rest_route=\/wp\/v2\/posts\/2501","targetHints":{"allow":["GET"]}}],"collection":[{"href":"https:\/\/partediario.com.ar\/index.php?rest_route=\/wp\/v2\/posts"}],"about":[{"href":"https:\/\/partediario.com.ar\/index.php?rest_route=\/wp\/v2\/types\/post"}],"author":[{"embeddable":true,"href":"https:\/\/partediario.com.ar\/index.php?rest_route=\/wp\/v2\/users\/2"}],"replies":[{"embeddable":true,"href":"https:\/\/partediario.com.ar\/index.php?rest_route=%2Fwp%2Fv2%2Fcomments&post=2501"}],"version-history":[{"count":1,"href":"https:\/\/partediario.com.ar\/index.php?rest_route=\/wp\/v2\/posts\/2501\/revisions"}],"predecessor-version":[{"id":2503,"href":"https:\/\/partediario.com.ar\/index.php?rest_route=\/wp\/v2\/posts\/2501\/revisions\/2503"}],"wp:featuredmedia":[{"embeddable":true,"href":"https:\/\/partediario.com.ar\/index.php?rest_route=\/wp\/v2\/media\/2502"}],"wp:attachment":[{"href":"https:\/\/partediario.com.ar\/index.php?rest_route=%2Fwp%2Fv2%2Fmedia&parent=2501"}],"wp:term":[{"taxonomy":"category","embeddable":true,"href":"https:\/\/partediario.com.ar\/index.php?rest_route=%2Fwp%2Fv2%2Fcategories&post=2501"},{"taxonomy":"post_tag","embeddable":true,"href":"https:\/\/partediario.com.ar\/index.php?rest_route=%2Fwp%2Fv2%2Ftags&post=2501"}],"curies":[{"name":"wp","href":"https:\/\/api.w.org\/{rel}","templated":true}]}}