{"id":2504,"date":"2024-06-13T20:40:28","date_gmt":"2024-06-13T23:40:28","guid":{"rendered":"https:\/\/partediario.com.ar\/?p=2504"},"modified":"2024-06-13T20:40:28","modified_gmt":"2024-06-13T23:40:28","slug":"impulsan-eliminar-las-tasas-municipales-de-la-factura-de-la-energia-electrica","status":"publish","type":"post","link":"https:\/\/partediario.com.ar\/?p=2504","title":{"rendered":"Impulsan eliminar las tasas municipales de la factura de la energ\u00eda el\u00e9ctrica"},"content":{"rendered":"\n<h3 class=\"wp-block-heading\">Este mi\u00e9rcoles, la comisi\u00f3n de Energ\u00eda trat\u00f3 dos proyectos vinculados al suministro el\u00e9ctrico: la modificaci\u00f3n del art\u00edculo 74 de la Ley 8.916 y la creaci\u00f3n de la Administradora Energ\u00eda S.A.<\/h3>\n\n\n\n<p>Carlos Damasco, autor de uno de los proyectos, expres\u00f3: \u201cse trata del proyecto denominado \u2018Boleta limpia\u2019 que persigue quitar los impuestos provinciales y municipales de la factura de la luz\u201d. Asimismo, el diputado manifest\u00f3: \u201cConsideramos que ese dinero podr\u00eda recaudarse de otra forma\u201d.<\/p>\n\n\n\n<p>Una de las conclusiones de la Comisi\u00f3n fue hacer otra reuni\u00f3n el martes 3 de julio para invitar a diferentes intendentes de la provincia a fin de que puedan realizar sus aportes.<\/p>\n\n\n\n<p>\u201cMiles de entrerrianos ver\u00edan una disminuci\u00f3n en el costo de la factura de energ\u00eda si se eliminan los impuestos provinciales y las tasas municipales, la reducci\u00f3n rondar\u00eda el 40%. Lo que menos queremos es desfinanciar a los municipios y a la provincia, pero creo que debemos hacer un esfuerzo para darle un alivio a los ciudadanos\u201d, indic\u00f3 el legislador.<\/p>\n\n\n\n<p>Otro de los proyectos abordados, de autor\u00eda del diputado Juan Jos\u00e9 Bahillo; contempla la creaci\u00f3n de la Administradora Energ\u00eda S.A que ser\u00eda la empresa que compre la energ\u00eda a la represa hidroel\u00e9ctrica de Salto Grande y la que se la venda a Enersa y a las diferentes cooperativas de la provincia. El objetivo es lograr que Salto Grande tenga un mejor precio del costo de su energ\u00eda y que los entrerrianos puedan comprar a un mejor valor.<\/p>\n\n\n\n<p>Proyecto de R\u00e9gimen de Acceso a la Informaci\u00f3n P\u00fablica<\/p>\n\n\n\n<p>Dentro de la comisi\u00f3n Asuntos Constitucionales, Juicio Pol\u00edtico y Peticiones, Poderes y Reglamento se abord\u00f3 el proyecto vinculado al R\u00e9gimen legal de acceso a la informaci\u00f3n p\u00fablica.<\/p>\n\n\n\n<p>La diputada Gabriela Lena explic\u00f3 que es un proyecto que se ven\u00eda trabajando desde hace un tiempo y que ahora va a poder ingresar a la pr\u00f3xima sesi\u00f3n legislativa.<\/p>\n\n\n\n<p>El R\u00e9gimen de Acceso a la Informaci\u00f3n P\u00fablica cuenta con varios componentes. El principal objetivo es regular las normas de conducta que deben cumplir los funcionarios p\u00fablicos. Asimismo, la iniciativa establece un conjunto de prohibiciones, inhabilidades e incompatibilidades aplicables a todas las personas que se desempe\u00f1en en un cargo legislativo, ejecutivo, administrativo o judicial, ya sea designado o elegido popularmente, en forma permanente o transitoria, por concurso o por cualquier otro medio legal de acceso, sea honorario o remunerado, al servicio o en nombre del Estado provincial.<\/p>\n\n\n\n<p>Las medidas se extienden a los tres poderes, \u00f3rganos de control, entes aut\u00e1rquicos, descentralizados, empresas, organismos, reparticiones u oficinas de cualquier naturaleza, comprendiendo tambi\u00e9n a los municipios, comunas, juntas de gobierno y cualquier otro organismo y\/o empresa o entidad de derecho p\u00fablico o de derecho privado, con participaci\u00f3n mixta, mayoritaria o minoritaria, de la que el Estado provincial, municipal o comunal se valga para sus actividades.<\/p>\n\n\n\n<p>Donaci\u00f3n de inmuebles<\/p>\n\n\n\n<p>La comisi\u00f3n de Legislaci\u00f3n General, abord\u00f3 tres proyectos: la donaci\u00f3n de un inmueble del Municipio de Aranguren a la provincia con la finalidad de que se ampl\u00ede el Centro de Salud de la ciudad. \u201cEs una localidad que tiene m\u00e1s de nueve mil habitantes y cuenta con un solo efector de salud\u201d, manifest\u00f3 el diputado Marcelo L\u00f3pez.<\/p>\n\n\n\n<p>Por otro lado, el proyecto de donaci\u00f3n de un inmueble de la provincia a la Municipalidad de Gualeguay, ubicado en la intersecci\u00f3n de las rutas 11 y 12; con el objetivo de que la municipalidad tenga un centro de acopio de materiales y maquinarias.<\/p>\n\n\n\n<p>Y, en otro orden, se trabaj\u00f3 la creaci\u00f3n del signo internacional de accesibilidad adoptado por Naciones Unidas con el prop\u00f3sito de que la provincia tambi\u00e9n lo incluya en sus comunicados oficiales.<\/p>\n\n\n\n<p>En este caso, los legisladores dieron dictamen favorable a los tres proyectos debatidos.<\/p>\n","protected":false},"excerpt":{"rendered":"<p>Este mi&eacute;rcoles, la comisi&oacute;n de Energ&iacute;a trat&oacute; dos proyectos vinculados al suministro el&eacute;ctrico: la modificaci&oacute;n del art&iacute;culo 74 de la Ley 8.916 y la creaci&oacute;n de la Administradora Energ&iacute;a S.A. Carlos Damasco, autor de uno de los proyectos, expres&oacute;: &ldquo;se trata del proyecto denominado &lsquo;Boleta limpia&rsquo; que persigue quitar los impuestos provinciales y municipales de [&hellip;]<\/p>\n","protected":false},"author":2,"featured_media":2505,"comment_status":"open","ping_status":"open","sticky":false,"template":"","format":"standard","meta":{"footnotes":""},"categories":[6,8],"tags":[316,310,315,314,257,313,312],"class_list":["post-2504","post","type-post","status-publish","format-standard","has-post-thumbnail","hentry","category-locales","category-provinciales","tag-carlos-damasco","tag-diputados","tag-electrica","tag-energia","tag-entre-rios","tag-factura","tag-municipales"],"_links":{"self":[{"href":"https:\/\/partediario.com.ar\/index.php?rest_route=\/wp\/v2\/posts\/2504","targetHints":{"allow":["GET"]}}],"collection":[{"href":"https:\/\/partediario.com.ar\/index.php?rest_route=\/wp\/v2\/posts"}],"about":[{"href":"https:\/\/partediario.com.ar\/index.php?rest_route=\/wp\/v2\/types\/post"}],"author":[{"embeddable":true,"href":"https:\/\/partediario.com.ar\/index.php?rest_route=\/wp\/v2\/users\/2"}],"replies":[{"embeddable":true,"href":"https:\/\/partediario.com.ar\/index.php?rest_route=%2Fwp%2Fv2%2Fcomments&post=2504"}],"version-history":[{"count":1,"href":"https:\/\/partediario.com.ar\/index.php?rest_route=\/wp\/v2\/posts\/2504\/revisions"}],"predecessor-version":[{"id":2506,"href":"https:\/\/partediario.com.ar\/index.php?rest_route=\/wp\/v2\/posts\/2504\/revisions\/2506"}],"wp:featuredmedia":[{"embeddable":true,"href":"https:\/\/partediario.com.ar\/index.php?rest_route=\/wp\/v2\/media\/2505"}],"wp:attachment":[{"href":"https:\/\/partediario.com.ar\/index.php?rest_route=%2Fwp%2Fv2%2Fmedia&parent=2504"}],"wp:term":[{"taxonomy":"category","embeddable":true,"href":"https:\/\/partediario.com.ar\/index.php?rest_route=%2Fwp%2Fv2%2Fcategories&post=2504"},{"taxonomy":"post_tag","embeddable":true,"href":"https:\/\/partediario.com.ar\/index.php?rest_route=%2Fwp%2Fv2%2Ftags&post=2504"}],"curies":[{"name":"wp","href":"https:\/\/api.w.org\/{rel}","templated":true}]}}