{"id":2511,"date":"2024-06-13T21:27:58","date_gmt":"2024-06-14T00:27:58","guid":{"rendered":"https:\/\/partediario.com.ar\/?p=2511"},"modified":"2024-06-13T21:27:58","modified_gmt":"2024-06-14T00:27:58","slug":"una-familia-necesito-mas-de-850-mil-en-mayo-para-no-ser-pobre","status":"publish","type":"post","link":"https:\/\/partediario.com.ar\/?p=2511","title":{"rendered":"Una familia necesit\u00f3 m\u00e1s de $850 mil en mayo para no ser pobre"},"content":{"rendered":"\n<p><strong>El dato fue publicado por el Indec este jueves. La canasta alimentaria, que mide indigencia, aument\u00f3 por encima de la canasta b\u00e1sica.<\/strong><\/p>\n\n\n\n<p>Una familia tipo necesit\u00f3 en mayo m\u00e1s de $851.351 para no ser considerada pobre, de acuerdo a informaci\u00f3n suministrada este jueves por el Indec.<\/p>\n\n\n\n<p>Durante mayo de 2024, la variaci\u00f3n mensual de la canasta b\u00e1sica alimentaria (indigencia) fue de 3,7%, mientras que la de la canasta b\u00e1sica total (pobreza) fue de 2,8%.<\/p>\n\n\n\n<p>En el mismo sentido, una familia tipo necesit\u00f3 $386.978 para no ser considerada indigente.<\/p>\n\n\n\n<p>La canasta b\u00e1sica alimenticia y la canasta b\u00e1sica total acumulan en el a\u00f1o incrementos del 60,8% y 71,7% respectivamente, y resultaron en variaciones interanuales del 290,7% para ambas canastas.<\/p>\n","protected":false},"excerpt":{"rendered":"<p>El dato fue publicado por el Indec este jueves. La canasta alimentaria, que mide indigencia, aument&oacute; por encima de la canasta b&aacute;sica. Una familia tipo necesit&oacute; en mayo m&aacute;s de $851.351 para no ser considerada pobre, de acuerdo a informaci&oacute;n suministrada este jueves por el Indec. Durante mayo de 2024, la variaci&oacute;n mensual de la [&hellip;]<\/p>\n","protected":false},"author":2,"featured_media":2512,"comment_status":"open","ping_status":"open","sticky":false,"template":"","format":"standard","meta":{"footnotes":""},"categories":[5],"tags":[322,321,320,323],"class_list":["post-2511","post","type-post","status-publish","format-standard","has-post-thumbnail","hentry","category-nacionales","tag-basica","tag-canasta","tag-indec","tag-indigencia"],"_links":{"self":[{"href":"https:\/\/partediario.com.ar\/index.php?rest_route=\/wp\/v2\/posts\/2511","targetHints":{"allow":["GET"]}}],"collection":[{"href":"https:\/\/partediario.com.ar\/index.php?rest_route=\/wp\/v2\/posts"}],"about":[{"href":"https:\/\/partediario.com.ar\/index.php?rest_route=\/wp\/v2\/types\/post"}],"author":[{"embeddable":true,"href":"https:\/\/partediario.com.ar\/index.php?rest_route=\/wp\/v2\/users\/2"}],"replies":[{"embeddable":true,"href":"https:\/\/partediario.com.ar\/index.php?rest_route=%2Fwp%2Fv2%2Fcomments&post=2511"}],"version-history":[{"count":1,"href":"https:\/\/partediario.com.ar\/index.php?rest_route=\/wp\/v2\/posts\/2511\/revisions"}],"predecessor-version":[{"id":2513,"href":"https:\/\/partediario.com.ar\/index.php?rest_route=\/wp\/v2\/posts\/2511\/revisions\/2513"}],"wp:featuredmedia":[{"embeddable":true,"href":"https:\/\/partediario.com.ar\/index.php?rest_route=\/wp\/v2\/media\/2512"}],"wp:attachment":[{"href":"https:\/\/partediario.com.ar\/index.php?rest_route=%2Fwp%2Fv2%2Fmedia&parent=2511"}],"wp:term":[{"taxonomy":"category","embeddable":true,"href":"https:\/\/partediario.com.ar\/index.php?rest_route=%2Fwp%2Fv2%2Fcategories&post=2511"},{"taxonomy":"post_tag","embeddable":true,"href":"https:\/\/partediario.com.ar\/index.php?rest_route=%2Fwp%2Fv2%2Ftags&post=2511"}],"curies":[{"name":"wp","href":"https:\/\/api.w.org\/{rel}","templated":true}]}}