{"id":2528,"date":"2024-06-14T10:05:27","date_gmt":"2024-06-14T13:05:27","guid":{"rendered":"https:\/\/partediario.com.ar\/?p=2528"},"modified":"2024-06-14T10:05:27","modified_gmt":"2024-06-14T13:05:27","slug":"javier-milei-ya-esta-en-italia-y-tiene-una-intensa-agenda-en-el-g7-tendra-reuniones-bilaterales-ademas-con-el-papa-y-lula","status":"publish","type":"post","link":"https:\/\/partediario.com.ar\/?p=2528","title":{"rendered":"Javier Milei ya est\u00e1 en Italia y tiene una intensa agenda en el G7: tendr\u00e1 reuniones bilaterales adem\u00e1s con el Papa y Lula"},"content":{"rendered":"\n<p><strong>El presidente mantendr\u00e1 una reuni\u00f3n bilateral con la primera ministra italiana Giorgia Meloni, se ver\u00e1 con su par de Francia Emmanuel Macron, y con la directora del FMI.<\/strong><\/p>\n\n\n\n<p>El presidente Javier Milei ya est\u00e1 en la ciudad italiana de Bari en el marco de su visita a la cumbre de l\u00edderes del G7, que se lleva a cabo en un exclusivo Borgo Egnazia, en las afueras de la provincia de Brindisi. Este viernes tendr\u00e1 una intensa agenda de actividades que incluye reuniones bilaterales con jefes de Estado y de Gobierno, encuentros informales y actos protocolares, en donde se destaca un cara a cara con Lula da Silva, presidente de Brasil, y el Papa Francisco.<\/p>\n\n\n\n<p>El jefe de Estado argentino tendr\u00e1 durante el G7 un breve encuentro con su par, Lula da Silva, con quien mantiene una relaci\u00f3n distante; y con el papa Francisco, quien fue invitado -igual que Milei- por Giorgia Meloni, la anfitriona del evento y la primera ministra italiana.<\/p>\n\n\n\n<p>Milei lleg\u00f3 en la noche del jueves al Aeropuerto de Bari acompa\u00f1ado por la secretaria general de la Presidencia, Karina Milei, el jefe del Consejo de Asesores Econ\u00f3micos, Demian Reidel, el embajador argentino en los Estados Unidos, Gerardo Werthein, el diputado Fernando Iglesias y funcionarios t\u00e9cnicos, de seguridad y de protocolo.<\/p>\n\n\n\n<p>La agenda del presidente comienza a las 13, cuando ser\u00e1 recibido por Meloni en Borgo Egnazia, al igual que el resto de los representantes de organizaciones y pa\u00edses que no integran el G7. El papa Francisco tendr\u00e1 una recepci\u00f3n privada.<\/p>\n\n\n\n<p>El mandatario argentino va a tener reuniones bilaterales con Meloni, con Emmanuel Macron, presidente de Francia; con Cristalina Georgieva, directora del FMI y con Ajay Banga, titular del Banco Mundial.<\/p>\n\n\n\n<p>Adem\u00e1s se prev\u00e9 que durante el receso entre las diferentes sesiones de trabajo, Milei tenga charlas informales con el presidente de los Estados Unidos, Joe Biden, y con el canciller federal de Alemania, Olaf Scholz.<\/p>\n\n\n\n<p>Todo esto ocurrir\u00e1 a las 14 (hora local, a las 9 en Buenos Aires), cuando iniciar\u00e1 el panel de debate sobre inteligencia artificial, en donde expondr\u00e1 Milei.<\/p>\n\n\n\n<p>Posteriormente el jefe de Estado ser\u00e1 trasladado junto al resto de los invitados a la plaza central de Borgo Egnazia, donde ser\u00e1n agasajados con un espect\u00e1culo musical a cargo del reconocido cantante italiano Andrea Bocelli y un show de danza.<\/p>\n","protected":false},"excerpt":{"rendered":"<p>El presidente mantendr&aacute; una reuni&oacute;n bilateral con la primera ministra italiana Giorgia Meloni, se ver&aacute; con su par de Francia Emmanuel Macron, y con la directora del FMI. El presidente Javier Milei ya est&aacute; en la ciudad italiana de Bari en el marco de su visita a la cumbre de l&iacute;deres del G7, que se [&hellip;]<\/p>\n","protected":false},"author":2,"featured_media":2529,"comment_status":"open","ping_status":"open","sticky":false,"template":"","format":"standard","meta":{"footnotes":""},"categories":[9,5,176],"tags":[339,338,334,337,333,232,340,263,335,341,336],"class_list":["post-2528","post","type-post","status-publish","format-standard","has-post-thumbnail","hentry","category-internacionales","category-nacionales","category-politica","tag-ajay-banga","tag-emmanuel-macron","tag-g7","tag-giorgia-meloni","tag-italia","tag-javier-milei","tag-joe-biden","tag-karina-milei","tag-lula-da-silva","tag-olaf-scholz","tag-papa-francisco"],"_links":{"self":[{"href":"https:\/\/partediario.com.ar\/index.php?rest_route=\/wp\/v2\/posts\/2528","targetHints":{"allow":["GET"]}}],"collection":[{"href":"https:\/\/partediario.com.ar\/index.php?rest_route=\/wp\/v2\/posts"}],"about":[{"href":"https:\/\/partediario.com.ar\/index.php?rest_route=\/wp\/v2\/types\/post"}],"author":[{"embeddable":true,"href":"https:\/\/partediario.com.ar\/index.php?rest_route=\/wp\/v2\/users\/2"}],"replies":[{"embeddable":true,"href":"https:\/\/partediario.com.ar\/index.php?rest_route=%2Fwp%2Fv2%2Fcomments&post=2528"}],"version-history":[{"count":1,"href":"https:\/\/partediario.com.ar\/index.php?rest_route=\/wp\/v2\/posts\/2528\/revisions"}],"predecessor-version":[{"id":2530,"href":"https:\/\/partediario.com.ar\/index.php?rest_route=\/wp\/v2\/posts\/2528\/revisions\/2530"}],"wp:featuredmedia":[{"embeddable":true,"href":"https:\/\/partediario.com.ar\/index.php?rest_route=\/wp\/v2\/media\/2529"}],"wp:attachment":[{"href":"https:\/\/partediario.com.ar\/index.php?rest_route=%2Fwp%2Fv2%2Fmedia&parent=2528"}],"wp:term":[{"taxonomy":"category","embeddable":true,"href":"https:\/\/partediario.com.ar\/index.php?rest_route=%2Fwp%2Fv2%2Fcategories&post=2528"},{"taxonomy":"post_tag","embeddable":true,"href":"https:\/\/partediario.com.ar\/index.php?rest_route=%2Fwp%2Fv2%2Ftags&post=2528"}],"curies":[{"name":"wp","href":"https:\/\/api.w.org\/{rel}","templated":true}]}}