{"id":2531,"date":"2024-06-14T10:15:54","date_gmt":"2024-06-14T13:15:54","guid":{"rendered":"https:\/\/partediario.com.ar\/?p=2531"},"modified":"2024-06-14T10:15:54","modified_gmt":"2024-06-14T13:15:54","slug":"personal-del-copnaf-el-alerta-por-el-cierre-del-unico-dispositivo-que-contiene-a-adolescentes-no-punibles","status":"publish","type":"post","link":"https:\/\/partediario.com.ar\/?p=2531","title":{"rendered":"Personal del Copnaf el alerta por el cierre del \u00fanico dispositivo que contiene a Adolescentes no Punibles"},"content":{"rendered":"\n<p><strong>Trabajadores y trabajadoras del Consejo Provincial de Ni\u00f1os, Ni\u00f1as, Adolescentes y Familia (Copnaf, recibieron recientemente la novedad del cierre de la Divisi\u00f3n de Abordaje Individual y de algunos programas del Departamento de Referencia para las Adolescencias.<\/strong><\/p>\n\n\n\n<p>La decisi\u00f3n gener\u00f3 una gran intranquilidad en quienes trabajan con dicha tem\u00e1tica, teniendo en cuenta que corre riesgo la contenci\u00f3n de una poblaci\u00f3n espec\u00edfica, especialmente la de adolescentes no punibles (adolescentes que de acuerdo a su edad y el acto de transgresi\u00f3n realizado no pueden recibir ninguna pena), la protecci\u00f3n de estos j\u00f3venes est\u00e1 establecida en la Convenci\u00f3n Internacional de los Derechos de Ni\u00f1os, Ni\u00f1as y Adolescentes.<\/p>\n\n\n\n<p>\u201cEntendemos que no s\u00f3lo se estar\u00edan vulnerando los derechos de quienes trabajan en dicho dispositivo -quienes cuentan con la experiencia y formaci\u00f3n necesaria para afrontar la tarea de llevar el abordaje espec\u00edfico de acuerdo a las Convenciones Internacionales y recomendaciones de todos los organismos internacionales, ONG\u00b4s y otras entidades que se abocan a abordar dicha tem\u00e1tica-, sino tambi\u00e9n el derecho de los\/as adolescentes que ver\u00edan diezmadas las intervenciones si las mismas debieran regresar a los Servicios de Protecci\u00f3n de Derechos\u201d, aseguraron desde la Asociaci\u00f3n de Trabajadores del Estado.<\/p>\n\n\n\n<p>Ante esta situaci\u00f3n, desde el gremio ATE solicitaron que se abran \u201cinstancias de di\u00e1logo reales, productivas, constructivas y participativas con el prop\u00f3sito de pensar alternativas ante la decisi\u00f3n que se ha transmitido de manera verbal en la reuni\u00f3n que se realiz\u00f3 con personal de dicho dispositivo el d\u00eda lunes 4 de junio\u201d.<\/p>\n","protected":false},"excerpt":{"rendered":"<p>Trabajadores y trabajadoras del Consejo Provincial de Ni&ntilde;os, Ni&ntilde;as, Adolescentes y Familia (Copnaf, recibieron recientemente la novedad del cierre de la Divisi&oacute;n de Abordaje Individual y de algunos programas del Departamento de Referencia para las Adolescencias. La decisi&oacute;n gener&oacute; una gran intranquilidad en quienes trabajan con dicha tem&aacute;tica, teniendo en cuenta que corre riesgo la [&hellip;]<\/p>\n","protected":false},"author":2,"featured_media":2532,"comment_status":"open","ping_status":"open","sticky":false,"template":"","format":"standard","meta":{"footnotes":""},"categories":[6,8],"tags":[343,219,342,257],"class_list":["post-2531","post","type-post","status-publish","format-standard","has-post-thumbnail","hentry","category-locales","category-provinciales","tag-adolescentes","tag-ate","tag-copnaf","tag-entre-rios"],"_links":{"self":[{"href":"https:\/\/partediario.com.ar\/index.php?rest_route=\/wp\/v2\/posts\/2531","targetHints":{"allow":["GET"]}}],"collection":[{"href":"https:\/\/partediario.com.ar\/index.php?rest_route=\/wp\/v2\/posts"}],"about":[{"href":"https:\/\/partediario.com.ar\/index.php?rest_route=\/wp\/v2\/types\/post"}],"author":[{"embeddable":true,"href":"https:\/\/partediario.com.ar\/index.php?rest_route=\/wp\/v2\/users\/2"}],"replies":[{"embeddable":true,"href":"https:\/\/partediario.com.ar\/index.php?rest_route=%2Fwp%2Fv2%2Fcomments&post=2531"}],"version-history":[{"count":1,"href":"https:\/\/partediario.com.ar\/index.php?rest_route=\/wp\/v2\/posts\/2531\/revisions"}],"predecessor-version":[{"id":2533,"href":"https:\/\/partediario.com.ar\/index.php?rest_route=\/wp\/v2\/posts\/2531\/revisions\/2533"}],"wp:featuredmedia":[{"embeddable":true,"href":"https:\/\/partediario.com.ar\/index.php?rest_route=\/wp\/v2\/media\/2532"}],"wp:attachment":[{"href":"https:\/\/partediario.com.ar\/index.php?rest_route=%2Fwp%2Fv2%2Fmedia&parent=2531"}],"wp:term":[{"taxonomy":"category","embeddable":true,"href":"https:\/\/partediario.com.ar\/index.php?rest_route=%2Fwp%2Fv2%2Fcategories&post=2531"},{"taxonomy":"post_tag","embeddable":true,"href":"https:\/\/partediario.com.ar\/index.php?rest_route=%2Fwp%2Fv2%2Ftags&post=2531"}],"curies":[{"name":"wp","href":"https:\/\/api.w.org\/{rel}","templated":true}]}}