{"id":2543,"date":"2024-06-14T10:50:08","date_gmt":"2024-06-14T13:50:08","guid":{"rendered":"https:\/\/partediario.com.ar\/?p=2543"},"modified":"2024-06-14T10:50:08","modified_gmt":"2024-06-14T13:50:08","slug":"agmer-convoco-a-congreso-para-el-miercoles-en-defensa-del-regimen-jubilatorio-entrerriano","status":"publish","type":"post","link":"https:\/\/partediario.com.ar\/?p=2543","title":{"rendered":"Agmer convoc\u00f3 a Congreso para el mi\u00e9rcoles en defensa del r\u00e9gimen jubilatorio entrerriano"},"content":{"rendered":"\n<p><strong>La Asociaci\u00f3n Gremial del Magisterio de Entre R\u00edos (Agmer) convoc\u00f3 a Congreso Extraordinario para el mi\u00e9rcoles 19 de junio en Villaguay. El sindicato docente ya se hab\u00eda declarado en estado de alerta y movilizaci\u00f3n.<\/strong><\/p>\n\n\n\n<p>\u201cDaremos todos los pasos necesarios con la lucha en las calles, la v\u00eda judicial y la interpelaci\u00f3n a los legisladores de todas las fuerzas pol\u00edticas para impedir este atropello\u201d, manifestaron desde Agmer haciendo referencia a los anuncios que realiz\u00f3 el gobierno provincial sobre el denominado \u201csalvataje\u201d de la Caja de Jubilaciones, que implica una \u201cdecisi\u00f3n unilateral de incrementar los aportes de los\/las activos\/as y crear un nuevo aporte por parte de los jubilados y jubiladas\u201d.<\/p>\n\n\n\n<p>\u201cAfirmamos nuestra defensa irrestricta de la Ley 8732 y de nuestra Caja\u201d, remarc\u00f3 el Plenario de Secretarios y Secretarias Generales y Comisi\u00f3n Directiva Central, agregaron.<\/p>\n\n\n\n<p>\u201cNos declaramos en alerta y dispuestos a articular el debate en cada lugar de trabajo junto a un programa de defensa de nuestro r\u00e9gimen jubilatorio\u201d, alert\u00f3 adem\u00e1s en un documento que emiti\u00f3 tras un encuentro de los secretarios generales de los 17 departamentos, que tuvo lugar el 3 de junio.<\/p>\n\n\n\n<p class=\"has-vivid-red-color has-text-color has-link-color wp-elements-c024dab58e11f25af696acfa9bd78b33\"><strong>El sindicato convoc\u00f3 a Congreso Extraordinario para el mi\u00e9rcoles 19 de junio en Villaguay.<\/strong><\/p>\n\n\n\n<p>En este contexto, la Seccional Paran\u00e1 inform\u00f3 que desde este viernes realizar\u00e1 asambleas escolares de dos horas por turno en las escuelas de todos los niveles y modalidades.<\/p>\n\n\n\n<p>En las escuelas nocturnas, ser\u00e1n este viernes 14 de junio. En las escuelas diurnas (turno ma\u00f1ana y tarde), el martes 18 de junio. El martes a las 18 tendr\u00e1 la asamblea resolutiva en Seccional, previo al Congreso del mi\u00e9rcoles.<\/p>\n","protected":false},"excerpt":{"rendered":"<p>La Asociaci&oacute;n Gremial del Magisterio de Entre R&iacute;os (Agmer) convoc&oacute; a Congreso Extraordinario para el mi&eacute;rcoles 19 de junio en Villaguay. El sindicato docente ya se hab&iacute;a declarado en estado de alerta y movilizaci&oacute;n. &ldquo;Daremos todos los pasos necesarios con la lucha en las calles, la v&iacute;a judicial y la interpelaci&oacute;n a los legisladores de [&hellip;]<\/p>\n","protected":false},"author":2,"featured_media":2544,"comment_status":"open","ping_status":"open","sticky":false,"template":"","format":"standard","meta":{"footnotes":""},"categories":[6],"tags":[228,257,355,354],"class_list":["post-2543","post","type-post","status-publish","format-standard","has-post-thumbnail","hentry","category-locales","tag-agmer","tag-entre-rios","tag-jubilatorio","tag-regimen"],"_links":{"self":[{"href":"https:\/\/partediario.com.ar\/index.php?rest_route=\/wp\/v2\/posts\/2543","targetHints":{"allow":["GET"]}}],"collection":[{"href":"https:\/\/partediario.com.ar\/index.php?rest_route=\/wp\/v2\/posts"}],"about":[{"href":"https:\/\/partediario.com.ar\/index.php?rest_route=\/wp\/v2\/types\/post"}],"author":[{"embeddable":true,"href":"https:\/\/partediario.com.ar\/index.php?rest_route=\/wp\/v2\/users\/2"}],"replies":[{"embeddable":true,"href":"https:\/\/partediario.com.ar\/index.php?rest_route=%2Fwp%2Fv2%2Fcomments&post=2543"}],"version-history":[{"count":1,"href":"https:\/\/partediario.com.ar\/index.php?rest_route=\/wp\/v2\/posts\/2543\/revisions"}],"predecessor-version":[{"id":2545,"href":"https:\/\/partediario.com.ar\/index.php?rest_route=\/wp\/v2\/posts\/2543\/revisions\/2545"}],"wp:featuredmedia":[{"embeddable":true,"href":"https:\/\/partediario.com.ar\/index.php?rest_route=\/wp\/v2\/media\/2544"}],"wp:attachment":[{"href":"https:\/\/partediario.com.ar\/index.php?rest_route=%2Fwp%2Fv2%2Fmedia&parent=2543"}],"wp:term":[{"taxonomy":"category","embeddable":true,"href":"https:\/\/partediario.com.ar\/index.php?rest_route=%2Fwp%2Fv2%2Fcategories&post=2543"},{"taxonomy":"post_tag","embeddable":true,"href":"https:\/\/partediario.com.ar\/index.php?rest_route=%2Fwp%2Fv2%2Ftags&post=2543"}],"curies":[{"name":"wp","href":"https:\/\/api.w.org\/{rel}","templated":true}]}}