{"id":2555,"date":"2024-06-14T13:42:26","date_gmt":"2024-06-14T16:42:26","guid":{"rendered":"https:\/\/partediario.com.ar\/?p=2555"},"modified":"2024-06-14T13:42:26","modified_gmt":"2024-06-14T16:42:26","slug":"macia-el-intendente-ariel-muller-dialogo-con-el-juez-de-faltas-de-la-municipalidad-de-macia-giordano-boggian","status":"publish","type":"post","link":"https:\/\/partediario.com.ar\/?p=2555","title":{"rendered":"Maci\u00e1: el intendente Ariel M\u00fcller dialog\u00f3 con el juez de Faltas de la Municipalidad de Maci\u00e1, Giordano Boggian"},"content":{"rendered":"\n<h3 class=\"wp-block-heading\">El jefe comunal, mantuvo una reuni\u00f3n con el juez de Faltas de la Municipalidad de Maci\u00e1, Giordano Boggian, lo hizo acompa\u00f1ado de la viceintendenta Pamela Albornoz; el secretario de Producci\u00f3n y Ambiente, Javier Crettaz; el director de Bromatolog\u00eda, Epidemiolog\u00eda y Zoonosis, Daniel Medus, y la directora de la Guardia Urbana, Carla Lescano.<\/h3>\n\n\n\n<p>El tema abordado en el encuentro fue sobre la importancia de avanzar con diferentes acciones ante la presencia de perros sueltos en la v\u00eda p\u00fablica. En ese marco, analizaron la posibilidad de adecuar ordenanzas para solucionar la problem\u00e1tica y controlar la poblaci\u00f3n canina en la ciudad.<\/p>\n\n\n\n<p><\/p>\n\n\n\n<figure class=\"wp-block-image size-full\"><img loading=\"lazy\" decoding=\"async\" width=\"526\" height=\"526\" src=\"https:\/\/partediario.com.ar\/wp-content\/uploads\/2024\/06\/448339941_479942054418963_7164594461194757797_n.jpg\" alt=\"\" class=\"wp-image-2556\" srcset=\"https:\/\/partediario.com.ar\/wp-content\/uploads\/2024\/06\/448339941_479942054418963_7164594461194757797_n.jpg 526w, https:\/\/partediario.com.ar\/wp-content\/uploads\/2024\/06\/448339941_479942054418963_7164594461194757797_n-300x300.jpg 300w, https:\/\/partediario.com.ar\/wp-content\/uploads\/2024\/06\/448339941_479942054418963_7164594461194757797_n-150x150.jpg 150w\" sizes=\"auto, (max-width: 526px) 100vw, 526px\" \/><\/figure>\n\n\n\n<p><\/p>\n\n\n\n<p>Desde el municipio informaron a los vecinos sobre el inicio de los talleres del Programa Educando en Movimiento. que comenzar\u00e1n el 18 de junio, en el comedor San Roque. Las clases de apoyo escolar estar\u00e1n destinadas a ni\u00f1as, ni\u00f1os y adolescentes, de 6 a 13 a\u00f1os.<br>Las inscripciones se realizar\u00e1n este viernes, de 9 a 11, en la oficina ubicada en calle Gualeguaych\u00fa 375.<\/p>\n\n\n\n<p>Por otro lado informaron que por el feriado del 17 de Junio: D\u00eda Nacional de la Libertad Latinoamericana, que el lunes la recolecci\u00f3n de residuos se realizar\u00e1 desde las 8:00, se solicita la colaboraci\u00f3n a la comunidad para respetar el horario.<\/p>\n","protected":false},"excerpt":{"rendered":"<p>El jefe comunal, mantuvo una reuni&oacute;n con el juez de Faltas de la Municipalidad de Maci&aacute;, Giordano Boggian, lo hizo acompa&ntilde;ado de la viceintendenta Pamela Albornoz; el secretario de Producci&oacute;n y Ambiente, Javier Crettaz; el director de Bromatolog&iacute;a, Epidemiolog&iacute;a y Zoonosis, Daniel Medus, y la directora de la Guardia Urbana, Carla Lescano. El tema abordado [&hellip;]<\/p>\n","protected":false},"author":2,"featured_media":2557,"comment_status":"open","ping_status":"open","sticky":false,"template":"","format":"standard","meta":{"footnotes":""},"categories":[8],"tags":[365,364,362,209,204],"class_list":["post-2555","post","type-post","status-publish","format-standard","has-post-thumbnail","hentry","category-provinciales","tag-ariel-muller-2","tag-educando","tag-giordano-boggian","tag-macia","tag-movimiento"],"_links":{"self":[{"href":"https:\/\/partediario.com.ar\/index.php?rest_route=\/wp\/v2\/posts\/2555","targetHints":{"allow":["GET"]}}],"collection":[{"href":"https:\/\/partediario.com.ar\/index.php?rest_route=\/wp\/v2\/posts"}],"about":[{"href":"https:\/\/partediario.com.ar\/index.php?rest_route=\/wp\/v2\/types\/post"}],"author":[{"embeddable":true,"href":"https:\/\/partediario.com.ar\/index.php?rest_route=\/wp\/v2\/users\/2"}],"replies":[{"embeddable":true,"href":"https:\/\/partediario.com.ar\/index.php?rest_route=%2Fwp%2Fv2%2Fcomments&post=2555"}],"version-history":[{"count":1,"href":"https:\/\/partediario.com.ar\/index.php?rest_route=\/wp\/v2\/posts\/2555\/revisions"}],"predecessor-version":[{"id":2558,"href":"https:\/\/partediario.com.ar\/index.php?rest_route=\/wp\/v2\/posts\/2555\/revisions\/2558"}],"wp:featuredmedia":[{"embeddable":true,"href":"https:\/\/partediario.com.ar\/index.php?rest_route=\/wp\/v2\/media\/2557"}],"wp:attachment":[{"href":"https:\/\/partediario.com.ar\/index.php?rest_route=%2Fwp%2Fv2%2Fmedia&parent=2555"}],"wp:term":[{"taxonomy":"category","embeddable":true,"href":"https:\/\/partediario.com.ar\/index.php?rest_route=%2Fwp%2Fv2%2Fcategories&post=2555"},{"taxonomy":"post_tag","embeddable":true,"href":"https:\/\/partediario.com.ar\/index.php?rest_route=%2Fwp%2Fv2%2Ftags&post=2555"}],"curies":[{"name":"wp","href":"https:\/\/api.w.org\/{rel}","templated":true}]}}