{"id":2559,"date":"2024-06-14T13:49:33","date_gmt":"2024-06-14T16:49:33","guid":{"rendered":"https:\/\/partediario.com.ar\/?p=2559"},"modified":"2024-06-14T13:49:33","modified_gmt":"2024-06-14T16:49:33","slug":"santa-elena-25-aniversario-de-manos-amigas","status":"publish","type":"post","link":"https:\/\/partediario.com.ar\/?p=2559","title":{"rendered":"Santa Elena: 25\u00b0 aniversario de \u00abManos Amigas\u00bb"},"content":{"rendered":"\n<h3 class=\"wp-block-heading\">El Centro Privado Educativo Integral y Taller Protegido \u00abManos Amigas\u00bb celebr\u00f3 su 25\u00b0 aniversario de fundaci\u00f3n.<\/h3>\n\n\n\n<p>En 1998, la Terapista Ocupacional y vecina santaelenense, Roxana Vel\u00e1zquez de Schick comienza con esta iniciativa \u00fanica en la ciudad, para que las personas con discapacidad una vez terminada su escolarizaci\u00f3n en la Escuela de Educaci\u00f3n Integral, pudieran integrarse a la sociedad a trav\u00e9s del trabajo.<\/p>\n\n\n\n<p>Para desarrollar este proyecto se convoc\u00f3 a familiares de personas con discapacidad y algunos profesionales con ganas de acompa\u00f1ar dicho prop\u00f3sito, y formaron para alcanzar este objetivo la \u201cAsociaci\u00f3n Civil Amigos\u201d una Organizaci\u00f3n no gubernamental que tiene por objetivo Promover la capacitaci\u00f3n de personas con Discapacidad, su integraci\u00f3n social, e impulsarlas en la pr\u00e1ctica de actividades recreativas, deportivas y productivas laborales.<\/p>\n\n\n\n<p>\u201cManos Amigas\u201d posee su propio edificio de funcionamiento, el que fuera donado por la Municipalidad de Santa Elena y acondicionado a las necesidades espec\u00edficas del Taller y Centro Educativo Integral. En 2013, por disposici\u00f3n del Consejo General de Educaci\u00f3n, es incorporado a la Ense\u00f1anza Oficial a trav\u00e9s de la Direcci\u00f3n de Educaci\u00f3n de Gesti\u00f3n Privada.<\/p>\n\n\n\n<p><\/p>\n\n\n\n<figure class=\"wp-block-image size-full\"><img loading=\"lazy\" decoding=\"async\" width=\"526\" height=\"526\" src=\"https:\/\/partediario.com.ar\/wp-content\/uploads\/2024\/06\/448335684_870978058407284_951040340420063986_n.jpg\" alt=\"\" class=\"wp-image-2560\" srcset=\"https:\/\/partediario.com.ar\/wp-content\/uploads\/2024\/06\/448335684_870978058407284_951040340420063986_n.jpg 526w, https:\/\/partediario.com.ar\/wp-content\/uploads\/2024\/06\/448335684_870978058407284_951040340420063986_n-300x300.jpg 300w, https:\/\/partediario.com.ar\/wp-content\/uploads\/2024\/06\/448335684_870978058407284_951040340420063986_n-150x150.jpg 150w\" sizes=\"auto, (max-width: 526px) 100vw, 526px\" \/><\/figure>\n\n\n\n<p><\/p>\n\n\n\n<p>Saludamos a la comunidad educativa, voluntarios, cooperadores y familias que llevan adelante esta labor inclusiva en Santa Elena.<\/p>\n\n\n\n<p>\u00a1Felicidades!<\/p>\n","protected":false},"excerpt":{"rendered":"<p>El Centro Privado Educativo Integral y Taller Protegido &laquo;Manos Amigas&raquo; celebr&oacute; su 25&deg; aniversario de fundaci&oacute;n. En 1998, la Terapista Ocupacional y vecina santaelenense, Roxana Vel&aacute;zquez de Schick comienza con esta iniciativa &uacute;nica en la ciudad, para que las personas con discapacidad una vez terminada su escolarizaci&oacute;n en la Escuela de Educaci&oacute;n Integral, pudieran integrarse [&hellip;]<\/p>\n","protected":false},"author":2,"featured_media":2561,"comment_status":"open","ping_status":"open","sticky":false,"template":"","format":"standard","meta":{"footnotes":""},"categories":[8],"tags":[366,210,367,207],"class_list":["post-2559","post","type-post","status-publish","format-standard","has-post-thumbnail","hentry","category-provinciales","tag-manos-amigas","tag-municipalidad","tag-roxana-velazquez-de-schick","tag-santa-elena"],"_links":{"self":[{"href":"https:\/\/partediario.com.ar\/index.php?rest_route=\/wp\/v2\/posts\/2559","targetHints":{"allow":["GET"]}}],"collection":[{"href":"https:\/\/partediario.com.ar\/index.php?rest_route=\/wp\/v2\/posts"}],"about":[{"href":"https:\/\/partediario.com.ar\/index.php?rest_route=\/wp\/v2\/types\/post"}],"author":[{"embeddable":true,"href":"https:\/\/partediario.com.ar\/index.php?rest_route=\/wp\/v2\/users\/2"}],"replies":[{"embeddable":true,"href":"https:\/\/partediario.com.ar\/index.php?rest_route=%2Fwp%2Fv2%2Fcomments&post=2559"}],"version-history":[{"count":1,"href":"https:\/\/partediario.com.ar\/index.php?rest_route=\/wp\/v2\/posts\/2559\/revisions"}],"predecessor-version":[{"id":2562,"href":"https:\/\/partediario.com.ar\/index.php?rest_route=\/wp\/v2\/posts\/2559\/revisions\/2562"}],"wp:featuredmedia":[{"embeddable":true,"href":"https:\/\/partediario.com.ar\/index.php?rest_route=\/wp\/v2\/media\/2561"}],"wp:attachment":[{"href":"https:\/\/partediario.com.ar\/index.php?rest_route=%2Fwp%2Fv2%2Fmedia&parent=2559"}],"wp:term":[{"taxonomy":"category","embeddable":true,"href":"https:\/\/partediario.com.ar\/index.php?rest_route=%2Fwp%2Fv2%2Fcategories&post=2559"},{"taxonomy":"post_tag","embeddable":true,"href":"https:\/\/partediario.com.ar\/index.php?rest_route=%2Fwp%2Fv2%2Ftags&post=2559"}],"curies":[{"name":"wp","href":"https:\/\/api.w.org\/{rel}","templated":true}]}}