{"id":2573,"date":"2024-06-14T17:22:00","date_gmt":"2024-06-14T20:22:00","guid":{"rendered":"https:\/\/partediario.com.ar\/?p=2573"},"modified":"2024-06-14T17:22:02","modified_gmt":"2024-06-14T20:22:02","slug":"dispusieron-prision-preventiva-para-el-acusado-del-asesinato-de-maria-susana-altamirano","status":"publish","type":"post","link":"https:\/\/partediario.com.ar\/?p=2573","title":{"rendered":"Dispusieron prisi\u00f3n preventiva para el acusado del asesinato de Mar\u00eda Susana Altamirano"},"content":{"rendered":"\n<p><strong>Miguel Eugenio Pellegrini, quien se escuentra detenido por el femicidio de Mar\u00eda Susana Altamirano, deber\u00e1 cumplir 90 d\u00edas de prisi\u00f3n preventiva en la c\u00e1rcel de Paran\u00e1.<\/strong><\/p>\n\n\n\n<p>La Justicia de Entre R\u00edos dispuso 90 d\u00edas de prisi\u00f3n preventiva para Miguel Eugenio Pellegrini, el hombre detenido por el femicidio de Mar\u00eda Susana Altamirano. Seg\u00fan se inform\u00f3 al PARTE DIARIO, la medida de coerci\u00f3n deber\u00e1 cumplirla en la Unidad Penal N\u00b0 1 de la ciudad de Paran\u00e1.<\/p>\n\n\n\n<p>Cabe recordar que Mar\u00eda Susana Altamirano era buscada en Paran\u00e1 desde el pasado s\u00e1bado. Su cuerpo finalmente fue encontrado en la banquina de la Ruta 131. Por el hecho fue detenido Miguel Eugenio Pellegrini, pareja de la v\u00edctima, y se confirm\u00f3 la \u00abmuerte violenta\u00bb.<\/p>\n\n\n\n<p>La prisi\u00f3n preventiva fue dispuesta por el juez Subrogante Manuel Re, en una audiencia realizada este viernes en los Tribunales de Paran\u00e1. Adem\u00e1s, se orden\u00f3 que se le realice la pericia psiqui\u00e1trica al acusado.<\/p>\n","protected":false},"excerpt":{"rendered":"<p>Miguel Eugenio Pellegrini, quien se escuentra detenido por el femicidio de Mar&iacute;a Susana Altamirano, deber&aacute; cumplir 90 d&iacute;as de prisi&oacute;n preventiva en la c&aacute;rcel de Paran&aacute;. La Justicia de Entre R&iacute;os dispuso 90 d&iacute;as de prisi&oacute;n preventiva para Miguel Eugenio Pellegrini, el hombre detenido por el femicidio de Mar&iacute;a Susana Altamirano. Seg&uacute;n se inform&oacute; al [&hellip;]<\/p>\n","protected":false},"author":2,"featured_media":2574,"comment_status":"open","ping_status":"open","sticky":false,"template":"","format":"standard","meta":{"footnotes":""},"categories":[6,7],"tags":[257,273,328,265,369,370],"class_list":["post-2573","post","type-post","status-publish","format-standard","has-post-thumbnail","hentry","category-locales","category-policiales","tag-entre-rios","tag-maria-susana-altamirano","tag-miguel-eugenio-pellegrini","tag-parana","tag-preventiva","tag-unidad-penal-1"],"_links":{"self":[{"href":"https:\/\/partediario.com.ar\/index.php?rest_route=\/wp\/v2\/posts\/2573","targetHints":{"allow":["GET"]}}],"collection":[{"href":"https:\/\/partediario.com.ar\/index.php?rest_route=\/wp\/v2\/posts"}],"about":[{"href":"https:\/\/partediario.com.ar\/index.php?rest_route=\/wp\/v2\/types\/post"}],"author":[{"embeddable":true,"href":"https:\/\/partediario.com.ar\/index.php?rest_route=\/wp\/v2\/users\/2"}],"replies":[{"embeddable":true,"href":"https:\/\/partediario.com.ar\/index.php?rest_route=%2Fwp%2Fv2%2Fcomments&post=2573"}],"version-history":[{"count":1,"href":"https:\/\/partediario.com.ar\/index.php?rest_route=\/wp\/v2\/posts\/2573\/revisions"}],"predecessor-version":[{"id":2575,"href":"https:\/\/partediario.com.ar\/index.php?rest_route=\/wp\/v2\/posts\/2573\/revisions\/2575"}],"wp:featuredmedia":[{"embeddable":true,"href":"https:\/\/partediario.com.ar\/index.php?rest_route=\/wp\/v2\/media\/2574"}],"wp:attachment":[{"href":"https:\/\/partediario.com.ar\/index.php?rest_route=%2Fwp%2Fv2%2Fmedia&parent=2573"}],"wp:term":[{"taxonomy":"category","embeddable":true,"href":"https:\/\/partediario.com.ar\/index.php?rest_route=%2Fwp%2Fv2%2Fcategories&post=2573"},{"taxonomy":"post_tag","embeddable":true,"href":"https:\/\/partediario.com.ar\/index.php?rest_route=%2Fwp%2Fv2%2Ftags&post=2573"}],"curies":[{"name":"wp","href":"https:\/\/api.w.org\/{rel}","templated":true}]}}