{"id":2576,"date":"2024-06-14T17:27:45","date_gmt":"2024-06-14T20:27:45","guid":{"rendered":"https:\/\/partediario.com.ar\/?p=2576"},"modified":"2024-06-14T17:27:48","modified_gmt":"2024-06-14T20:27:48","slug":"oro-verde-prepara-la-viii-fiesta-del-locro","status":"publish","type":"post","link":"https:\/\/partediario.com.ar\/?p=2576","title":{"rendered":"Oro Verde prepara la VIII Fiesta del Locro"},"content":{"rendered":"\n<p><strong>El evento ser\u00e1 sin costo de entrada. Contar\u00e1 con un amplio patio gastron\u00f3mico, una feria de artesanos y una cartelera musical con artistas de Oro Verde y de la regi\u00f3n.<\/strong><\/p>\n\n\n\n<p>Ya llega la VIII edici\u00f3n de la Fiesta Regional del Locro en Oro Verde con entradas libres y gratuitas. Como siempre, el evento combinar\u00e1 una amplia oferta gastron\u00f3mica con artistas locales y de la regi\u00f3n. La misma se llevar\u00e1 a cabo el domingo 14 de julio en el predio multieventos de Los Tordos y Los Sauces, a partir del mediod\u00eda.<\/p>\n\n\n\n<p>La cartelera de la Fiesta del Locro<\/p>\n\n\n\n<p>La cartelera de este 2024 incluir\u00e1 una mezcla de ritmos populares regionales incluyendo en la cartelera a Sembrando Chamam\u00e9, la S\u00faper Banda Estrella y Amantes Inocentes. En el escenario estar\u00e1n tambi\u00e9n Las hermanas Vince, Timb\u00faes, Proyecto Pe\u00f1a y diferentes ballets mostrar\u00e1n un numeroso peric\u00f3n nacional que incluir\u00e1 al Ballet de Folklore Municipal, el Taller de Folklore de la Facultad de Ciencias Agropecuarias (UNER) y el de Villa Fontana.<\/p>\n\n\n\n<p>Cabe se\u00f1alar que la apertura del predio ser\u00e1 a las 10 de la ma\u00f1ana con una feria donde estar\u00e1n artesanos y emprendedores de la regi\u00f3n y los artistas comenzar\u00e1n a presentarse promediando el mediod\u00eda cuando empiece a servirse el locro, pero tambi\u00e9n habr\u00e1 otras comidas preparadas por las instituciones locales.<\/p>\n\n\n\n<p>Se pueden llevar sillones y mesitas, adem\u00e1s de conservadoras pero s\u00f3lo con hielo para poder disfrutar del patio gastron\u00f3mico.<\/p>\n\n\n\n<p>La fiesta es organizada conjuntamente entre el Municipio y diferentes instituciones locales que son las encargadas de ofrecer las comidas y bebidas en el patio gastron\u00f3mico. De esta forma, financian gran parte de las actividades de los pr\u00f3ximos meses. Participan en esta edici\u00f3n la Asociaci\u00f3n de Equinoterapia \u201cLa Delfina\u201d, Club Atl\u00e9tico Oro Verde, Oro Verde S\u00f3ftbol, Agrupaci\u00f3n Tradicionalista El Nochero, Agrupaci\u00f3n Tradicionalistas Unidos por la Tradici\u00f3n, Agrupaci\u00f3n Tradicionalista Oro Verde, Centro de Jubilados Oro Verde, Comisi\u00f3n Pro Templo, Escuela Parroquial Jes\u00fas Maestro y Se\u00f1or, Escuela Rosario Vera Pe\u00f1aloza, Cooperadora Mario Sena, Unidad de Nivel Inicial Lechucitas, Chan\u00e1 Timb\u00fa Club, Taekwon-Do Oro Verde, Biblioteca Popular \u201cEncuentros\u201d, Asociaci\u00f3n Bomberos Voluntarios Oro Verde, y el Grupo de Scouts Oro Verde casa Padre Lamy.<\/p>\n","protected":false},"excerpt":{"rendered":"<p>El evento ser&aacute; sin costo de entrada. Contar&aacute; con un amplio patio gastron&oacute;mico, una feria de artesanos y una cartelera musical con artistas de Oro Verde y de la regi&oacute;n. Ya llega la VIII edici&oacute;n de la Fiesta Regional del Locro en Oro Verde con entradas libres y gratuitas. Como siempre, el evento combinar&aacute; una [&hellip;]<\/p>\n","protected":false},"author":2,"featured_media":2577,"comment_status":"open","ping_status":"open","sticky":false,"template":"","format":"standard","meta":{"footnotes":""},"categories":[6,8],"tags":[372,371],"class_list":["post-2576","post","type-post","status-publish","format-standard","has-post-thumbnail","hentry","category-locales","category-provinciales","tag-fiesta-del-locro","tag-oro-verde"],"_links":{"self":[{"href":"https:\/\/partediario.com.ar\/index.php?rest_route=\/wp\/v2\/posts\/2576","targetHints":{"allow":["GET"]}}],"collection":[{"href":"https:\/\/partediario.com.ar\/index.php?rest_route=\/wp\/v2\/posts"}],"about":[{"href":"https:\/\/partediario.com.ar\/index.php?rest_route=\/wp\/v2\/types\/post"}],"author":[{"embeddable":true,"href":"https:\/\/partediario.com.ar\/index.php?rest_route=\/wp\/v2\/users\/2"}],"replies":[{"embeddable":true,"href":"https:\/\/partediario.com.ar\/index.php?rest_route=%2Fwp%2Fv2%2Fcomments&post=2576"}],"version-history":[{"count":1,"href":"https:\/\/partediario.com.ar\/index.php?rest_route=\/wp\/v2\/posts\/2576\/revisions"}],"predecessor-version":[{"id":2578,"href":"https:\/\/partediario.com.ar\/index.php?rest_route=\/wp\/v2\/posts\/2576\/revisions\/2578"}],"wp:featuredmedia":[{"embeddable":true,"href":"https:\/\/partediario.com.ar\/index.php?rest_route=\/wp\/v2\/media\/2577"}],"wp:attachment":[{"href":"https:\/\/partediario.com.ar\/index.php?rest_route=%2Fwp%2Fv2%2Fmedia&parent=2576"}],"wp:term":[{"taxonomy":"category","embeddable":true,"href":"https:\/\/partediario.com.ar\/index.php?rest_route=%2Fwp%2Fv2%2Fcategories&post=2576"},{"taxonomy":"post_tag","embeddable":true,"href":"https:\/\/partediario.com.ar\/index.php?rest_route=%2Fwp%2Fv2%2Ftags&post=2576"}],"curies":[{"name":"wp","href":"https:\/\/api.w.org\/{rel}","templated":true}]}}