{"id":2579,"date":"2024-06-14T17:40:38","date_gmt":"2024-06-14T20:40:38","guid":{"rendered":"https:\/\/partediario.com.ar\/?p=2579"},"modified":"2024-06-14T17:40:39","modified_gmt":"2024-06-14T20:40:39","slug":"frigerio-encabezo-una-nueva-reunion-de-gabinete-conjunto-en-general-ramirez","status":"publish","type":"post","link":"https:\/\/partediario.com.ar\/?p=2579","title":{"rendered":"Frigerio encabez\u00f3 una nueva reuni\u00f3n de gabinete conjunto en General Ram\u00edrez"},"content":{"rendered":"\n<h4 class=\"wp-block-heading\"><strong>El gobernador Rogelio Frigerio presidi\u00f3 este viernes una reuni\u00f3n de gabinete conjunto con el equipo de la municipalidad de General Ram\u00edrez. Fue recibido por la intendenta Flavia Pamberger.<\/strong><\/h4>\n\n\n\n<p>El encuentro de gabinete conjunto, se desarroll\u00f3 el Concejo Deliberante, donde el mandatario fue recibido por la intendenta Flavia Pamberger. Estuvieron presentes, ministros del gabinete provincial y funcionarios del Ejecutivo municipal.<\/p>\n\n\n\n<p>All\u00ed se abordaron temas que tienen que ver con obra p\u00fablica, planes de viviendas, necesidad de servicios de energ\u00eda el\u00e9ctrica y gas para el parque industrial, entre otros.<\/p>\n\n\n\n<p><\/p>\n\n\n\n<figure class=\"wp-block-image size-large\"><img loading=\"lazy\" decoding=\"async\" width=\"1024\" height=\"683\" src=\"https:\/\/partediario.com.ar\/wp-content\/uploads\/Gabinete-Ramirez-1024x683.jpg\" alt=\"\" class=\"wp-image-2580\" srcset=\"https:\/\/partediario.com.ar\/wp-content\/uploads\/Gabinete-Ramirez-1024x683.jpg 1024w, https:\/\/partediario.com.ar\/wp-content\/uploads\/Gabinete-Ramirez-300x200.jpg 300w, https:\/\/partediario.com.ar\/wp-content\/uploads\/Gabinete-Ramirez-768x512.jpg 768w, https:\/\/partediario.com.ar\/wp-content\/uploads\/Gabinete-Ramirez-1536x1025.jpg 1536w, https:\/\/partediario.com.ar\/wp-content\/uploads\/Gabinete-Ramirez.jpg 2048w\" sizes=\"auto, (max-width: 1024px) 100vw, 1024px\" \/><\/figure>\n\n\n\n<p><\/p>\n\n\n\n<p>En la oportunidad, el gobernador agradeci\u00f3 el recibimiento de la intendenta y \u00abpor permitir este encuentro de trabajo que tiene que ver con una modalidad que implementamos desde el primer momento, que es estar en el territorio y conocer la realidad de primera mano\u00bb.<\/p>\n\n\n\n<p>Adem\u00e1s, insisti\u00f3 en la necesidad de prepararse \u00abde la mejor manera para cuando lleguen recursos\u00bb y resalt\u00f3 que \u00abcomo la gesti\u00f3n est\u00e1 definida por seres humanos, la interacci\u00f3n entre los equipos de la provincia y del municipio son fundamentales\u00bb.<\/p>\n\n\n\n<p>\u00abLas prioridades del municipio tienen que ser nuestras prioridades, porque ustedes saben mejor que nadie qu\u00e9 es lo que necesita Ram\u00edrez y nosotros nos tenemos que adaptar a eso\u00bb, enfatiz\u00f3 Frigerio, al tiempo que hizo hincapi\u00e9 en la importancia del trabajo conjunto.<\/p>\n\n\n\n<p>Por su parte, la intendenta Flavia Pamberger se\u00f1al\u00f3 que \u00abes un honor para nosotros poder tener esta reuni\u00f3n de gabinete y tener la posibilidad de tocar temas importantes para la ciudad. Pocas veces nos han visitado gobernadores, y es la primera vez que lo hace con miembros del gabinete provincial, as\u00ed que estamos muy agradecidos\u00bb.<\/p>\n\n\n\n<p><\/p>\n\n\n\n<figure class=\"wp-block-embed is-type-video is-provider-youtube wp-block-embed-youtube wp-embed-aspect-16-9 wp-has-aspect-ratio\"><div class=\"wp-block-embed__wrapper\">\n<iframe loading=\"lazy\" title=\"Frigerio encabez\u00f3 una nueva reuni\u00f3n de gabinete conjunto en General Ram\u00edrez\" width=\"640\" height=\"360\" src=\"https:\/\/www.youtube.com\/embed\/xMrpjXpGsDo?feature=oembed\" frameborder=\"0\" allow=\"accelerometer; autoplay; clipboard-write; encrypted-media; gyroscope; picture-in-picture; web-share\" referrerpolicy=\"strict-origin-when-cross-origin\" allowfullscreen><\/iframe>\n<\/div><\/figure>\n\n\n\n<p><strong>Inauguraci\u00f3n un jard\u00edn maternal<\/strong><\/p>\n\n\n\n<p><\/p>\n\n\n\n<figure class=\"wp-block-image size-large\"><img loading=\"lazy\" decoding=\"async\" width=\"1024\" height=\"683\" src=\"https:\/\/partediario.com.ar\/wp-content\/uploads\/Inauguracion-jardin-1-1024x683.jpg\" alt=\"\" class=\"wp-image-2582\" srcset=\"https:\/\/partediario.com.ar\/wp-content\/uploads\/Inauguracion-jardin-1-1024x683.jpg 1024w, https:\/\/partediario.com.ar\/wp-content\/uploads\/Inauguracion-jardin-1-300x200.jpg 300w, https:\/\/partediario.com.ar\/wp-content\/uploads\/Inauguracion-jardin-1-768x512.jpg 768w, https:\/\/partediario.com.ar\/wp-content\/uploads\/Inauguracion-jardin-1-1536x1025.jpg 1536w, https:\/\/partediario.com.ar\/wp-content\/uploads\/Inauguracion-jardin-1.jpg 2048w\" sizes=\"auto, (max-width: 1024px) 100vw, 1024px\" \/><\/figure>\n\n\n\n<p><\/p>\n\n\n\n<p>Posteriormente, el gobernador particip\u00f3 junto a la intendenta de la inauguraci\u00f3n del jard\u00edn maternal Bichitos de Luz, el primer espacio de atenci\u00f3n a la primera infancia, dependiente de la municipalidad de General Ram\u00edrez.<\/p>\n\n\n\n<p>El mandatario destac\u00f3 que se trata de \u00abuna obra muy relevante desde el punto de vista educativo, porque aqu\u00ed estamos hablando de estimulaci\u00f3n temprana, que es lo m\u00e1s importante que tenemos para igualar oportunidades\u00bb.<\/p>\n\n\n\n<p>Adem\u00e1s, remarc\u00f3 que la obra viene a complementar otro jard\u00edn maternal, pero del sector privado, as\u00ed que \u00abac\u00e1 la presencia del Estado municipal en este caso, cubriendo esta falencia, es muy relevante\u00bb.<\/p>\n\n\n\n<p>El Jard\u00edn Maternal Bichitos de Luz inicia sus actividades con sala de 2 a\u00f1os a la que asistir\u00e1n 16 ni\u00f1os en horario matutino, con un plan de ampliaci\u00f3n progresiva de horarios y edades, hasta cubrir el tramo de 45 d\u00edas a 3 a\u00f1os.<\/p>\n","protected":false},"excerpt":{"rendered":"<p>El gobernador Rogelio Frigerio presidi&oacute; este viernes una reuni&oacute;n de gabinete conjunto con el equipo de la municipalidad de General Ram&iacute;rez. Fue recibido por la intendenta Flavia Pamberger. El encuentro de gabinete conjunto, se desarroll&oacute; el Concejo Deliberante, donde el mandatario fue recibido por la intendenta Flavia Pamberger. Estuvieron presentes, ministros del gabinete provincial y [&hellip;]<\/p>\n","protected":false},"author":2,"featured_media":2583,"comment_status":"open","ping_status":"open","sticky":false,"template":"","format":"standard","meta":{"footnotes":""},"categories":[6,8],"tags":[257,376,374,375,373,245],"class_list":["post-2579","post","type-post","status-publish","format-standard","has-post-thumbnail","hentry","category-locales","category-provinciales","tag-entre-rios","tag-flavia-pamberger","tag-gabinete","tag-general-ramirez","tag-reunion","tag-rogelio-frigerio"],"_links":{"self":[{"href":"https:\/\/partediario.com.ar\/index.php?rest_route=\/wp\/v2\/posts\/2579","targetHints":{"allow":["GET"]}}],"collection":[{"href":"https:\/\/partediario.com.ar\/index.php?rest_route=\/wp\/v2\/posts"}],"about":[{"href":"https:\/\/partediario.com.ar\/index.php?rest_route=\/wp\/v2\/types\/post"}],"author":[{"embeddable":true,"href":"https:\/\/partediario.com.ar\/index.php?rest_route=\/wp\/v2\/users\/2"}],"replies":[{"embeddable":true,"href":"https:\/\/partediario.com.ar\/index.php?rest_route=%2Fwp%2Fv2%2Fcomments&post=2579"}],"version-history":[{"count":1,"href":"https:\/\/partediario.com.ar\/index.php?rest_route=\/wp\/v2\/posts\/2579\/revisions"}],"predecessor-version":[{"id":2584,"href":"https:\/\/partediario.com.ar\/index.php?rest_route=\/wp\/v2\/posts\/2579\/revisions\/2584"}],"wp:featuredmedia":[{"embeddable":true,"href":"https:\/\/partediario.com.ar\/index.php?rest_route=\/wp\/v2\/media\/2583"}],"wp:attachment":[{"href":"https:\/\/partediario.com.ar\/index.php?rest_route=%2Fwp%2Fv2%2Fmedia&parent=2579"}],"wp:term":[{"taxonomy":"category","embeddable":true,"href":"https:\/\/partediario.com.ar\/index.php?rest_route=%2Fwp%2Fv2%2Fcategories&post=2579"},{"taxonomy":"post_tag","embeddable":true,"href":"https:\/\/partediario.com.ar\/index.php?rest_route=%2Fwp%2Fv2%2Ftags&post=2579"}],"curies":[{"name":"wp","href":"https:\/\/api.w.org\/{rel}","templated":true}]}}