{"id":2585,"date":"2024-06-14T17:48:08","date_gmt":"2024-06-14T20:48:08","guid":{"rendered":"https:\/\/partediario.com.ar\/?p=2585"},"modified":"2024-06-14T17:48:09","modified_gmt":"2024-06-14T20:48:09","slug":"sandra-pettovello-aseguro-que-no-va-a-renunciar-a-mi-amigo-solo-no-lo-voy-a-dejar","status":"publish","type":"post","link":"https:\/\/partediario.com.ar\/?p=2585","title":{"rendered":"Sandra Pettovello asegur\u00f3 que no va a renunciar: \u00abA mi amigo solo no lo voy a dejar\u00bb"},"content":{"rendered":"\n<p><strong>La ministra de Capital Humano envi\u00f3 un mensaje a los simpatizantes que se concentraron en el Obelisco a manifestarle su apoyo.<\/strong><\/p>\n\n\n\n<p>Envuelta en una catarata de denuncias por contrataciones irregulares y los alimentos no repartidos, la ministra de Capital Humano Sandra Pettovello envi\u00f3 un mensaje a simpatizantes que se congregaron en las \u00faltimas horas en Obelisco para dar una muestra de apoyo.<\/p>\n\n\n\n<p>La funcionaria dijo que no va a dejar su cargo al tiempo que expres\u00f3 su apoyo al presidente Javier Milei. \u201cNo voy a renunciar. Vine ac\u00e1 por mi amigo y a mi amigo solo no lo voy a dejar\u201d, apunt\u00f3.<\/p>\n\n\n\n<p><\/p>\n\n\n\n<figure class=\"wp-block-image size-full\"><img loading=\"lazy\" decoding=\"async\" width=\"613\" height=\"460\" src=\"https:\/\/partediario.com.ar\/wp-content\/uploads\/javier-milei-sandra-pettovellojpeg.webp\" alt=\"\" class=\"wp-image-2586\" srcset=\"https:\/\/partediario.com.ar\/wp-content\/uploads\/javier-milei-sandra-pettovellojpeg.webp 613w, https:\/\/partediario.com.ar\/wp-content\/uploads\/javier-milei-sandra-pettovellojpeg-300x225.webp 300w\" sizes=\"auto, (max-width: 613px) 100vw, 613px\" \/><figcaption class=\"wp-element-caption\">Javier Milei y Sandra Petovello<\/figcaption><\/figure>\n\n\n\n<p><\/p>\n\n\n\n<p>\u00abEstamos tocando todos los negocios y no se la bancan y me dicen que soy una in\u00fatil. La verdad que si ser in\u00fatil es no saber gestionar y no saber robar, entonces soy una in\u00fatil\u00bb, sostuvo en una videollamada con el youtuber @HerreroLiberal, quien estaba presente en la muestra de apoyo y difundi\u00f3 el mensaje de la ministra.<\/p>\n\n\n\n<p>Y agreg\u00f3: \u201cEs muy dif\u00edcil seguir adelante, pero no voy a abandonar. Primero porque vine ac\u00e1 para bancar a mi amigo, y a mi amigo solo no lo voy a dejar. Y segundo, porque creo que a la Argentina la cambiamos entre todos y sacando la mugre\u2026 y yo la voy a seguir sacando\u201d, manifest\u00f3 la ministra de Capital Humano.<\/p>\n\n\n\n<p>\u201cYo son una de ustedes. Met\u00ed los pies en el barro y no los voy a sacar, hagan lo que me hagan. Ya estoy adentro y no voy a parar, porque pienso que si bajo los brazos, todo lo que hice hasta ahora no va a valer la pena\u201d, prosigui\u00f3 la funcionaria y agreg\u00f3: \u201cA veces me meto en ministerios ajenos, pero la verdad que las mafias son peor de lo que yo pensaba\u201d.<\/p>\n","protected":false},"excerpt":{"rendered":"<p>La ministra de Capital Humano envi&oacute; un mensaje a los simpatizantes que se concentraron en el Obelisco a manifestarle su apoyo. Envuelta en una catarata de denuncias por contrataciones irregulares y los alimentos no repartidos, la ministra de Capital Humano Sandra Pettovello envi&oacute; un mensaje a simpatizantes que se congregaron en las &uacute;ltimas horas en [&hellip;]<\/p>\n","protected":false},"author":2,"featured_media":2587,"comment_status":"open","ping_status":"open","sticky":false,"template":"","format":"standard","meta":{"footnotes":""},"categories":[5,176],"tags":[232,378,377],"class_list":["post-2585","post","type-post","status-publish","format-standard","has-post-thumbnail","hentry","category-nacionales","category-politica","tag-javier-milei","tag-renuncia","tag-sandra-petovello"],"_links":{"self":[{"href":"https:\/\/partediario.com.ar\/index.php?rest_route=\/wp\/v2\/posts\/2585","targetHints":{"allow":["GET"]}}],"collection":[{"href":"https:\/\/partediario.com.ar\/index.php?rest_route=\/wp\/v2\/posts"}],"about":[{"href":"https:\/\/partediario.com.ar\/index.php?rest_route=\/wp\/v2\/types\/post"}],"author":[{"embeddable":true,"href":"https:\/\/partediario.com.ar\/index.php?rest_route=\/wp\/v2\/users\/2"}],"replies":[{"embeddable":true,"href":"https:\/\/partediario.com.ar\/index.php?rest_route=%2Fwp%2Fv2%2Fcomments&post=2585"}],"version-history":[{"count":1,"href":"https:\/\/partediario.com.ar\/index.php?rest_route=\/wp\/v2\/posts\/2585\/revisions"}],"predecessor-version":[{"id":2588,"href":"https:\/\/partediario.com.ar\/index.php?rest_route=\/wp\/v2\/posts\/2585\/revisions\/2588"}],"wp:featuredmedia":[{"embeddable":true,"href":"https:\/\/partediario.com.ar\/index.php?rest_route=\/wp\/v2\/media\/2587"}],"wp:attachment":[{"href":"https:\/\/partediario.com.ar\/index.php?rest_route=%2Fwp%2Fv2%2Fmedia&parent=2585"}],"wp:term":[{"taxonomy":"category","embeddable":true,"href":"https:\/\/partediario.com.ar\/index.php?rest_route=%2Fwp%2Fv2%2Fcategories&post=2585"},{"taxonomy":"post_tag","embeddable":true,"href":"https:\/\/partediario.com.ar\/index.php?rest_route=%2Fwp%2Fv2%2Ftags&post=2585"}],"curies":[{"name":"wp","href":"https:\/\/api.w.org\/{rel}","templated":true}]}}