{"id":2589,"date":"2024-06-14T18:00:18","date_gmt":"2024-06-14T21:00:18","guid":{"rendered":"https:\/\/partediario.com.ar\/?p=2589"},"modified":"2024-06-14T18:00:19","modified_gmt":"2024-06-14T21:00:19","slug":"victoria-regalaran-pescado-a-modo-de-protesta","status":"publish","type":"post","link":"https:\/\/partediario.com.ar\/?p=2589","title":{"rendered":"Victoria: regalar\u00e1n pescado a modo de protesta"},"content":{"rendered":"\n<p><strong>Un grupo de pescadores entrerrianos de la zona de Victoria regalar\u00e1n pescados para alertar sobre el \u00aboligopolio de cuatro empresarios\u00bb.<\/strong><\/p>\n\n\n\n<p>Pescadores de la ciudad de Victoria van a regalar pescados este s\u00e1bado en reclamo por el ingreso de frigor\u00edficos de otras provincias para comprar piezas que la industria local no acepta.<\/p>\n\n\n\n<p>\u00abHay un marcado oligopolio entre cuatro empresarios que dominan el mercado y perjudican a cientos de pescadores artesanales\u00bb, afirmaron.<\/p>\n\n\n\n<p>Cuando se realizar\u00e1 la ins\u00f3lita medida<\/p>\n\n\n\n<p>La curiosa medida de protesta se llevar\u00e1 a cabo este s\u00e1bado a las 10 de la ma\u00f1ana en la bajada de la balsa del puerto de Victoria.<\/p>\n\n\n\n<p><\/p>\n\n\n\n<figure class=\"wp-block-image size-full\"><img loading=\"lazy\" decoding=\"async\" width=\"790\" height=\"436\" src=\"https:\/\/partediario.com.ar\/wp-content\/uploads\/pescadores-victoriajpeg.webp\" alt=\"\" class=\"wp-image-2590\" srcset=\"https:\/\/partediario.com.ar\/wp-content\/uploads\/pescadores-victoriajpeg.webp 790w, https:\/\/partediario.com.ar\/wp-content\/uploads\/pescadores-victoriajpeg-300x166.webp 300w, https:\/\/partediario.com.ar\/wp-content\/uploads\/pescadores-victoriajpeg-768x424.webp 768w\" sizes=\"auto, (max-width: 790px) 100vw, 790px\" \/><\/figure>\n\n\n\n<p><\/p>\n\n\n\n<p>Los pescadores ya estuvieron reunidos con el ministro de Desarrollo Econ\u00f3mico, Guillermo Bernaudo y con el director de Recursos Naturales y Fiscalizaci\u00f3n Antonio Sapetti, pero por el momento no obtuvieron respuestas positivas. Eval\u00faan parar la actividad por completo a partir del pr\u00f3ximo lunes.<\/p>\n","protected":false},"excerpt":{"rendered":"<p>Un grupo de pescadores entrerrianos de la zona de Victoria regalar&aacute;n pescados para alertar sobre el &laquo;oligopolio de cuatro empresarios&raquo;. Pescadores de la ciudad de Victoria van a regalar pescados este s&aacute;bado en reclamo por el ingreso de frigor&iacute;ficos de otras provincias para comprar piezas que la industria local no acepta. &laquo;Hay un marcado oligopolio [&hellip;]<\/p>\n","protected":false},"author":2,"featured_media":2591,"comment_status":"open","ping_status":"open","sticky":false,"template":"","format":"standard","meta":{"footnotes":""},"categories":[6],"tags":[257,383,379],"class_list":["post-2589","post","type-post","status-publish","format-standard","has-post-thumbnail","hentry","category-locales","tag-entre-rios","tag-pescado","tag-victoria"],"_links":{"self":[{"href":"https:\/\/partediario.com.ar\/index.php?rest_route=\/wp\/v2\/posts\/2589","targetHints":{"allow":["GET"]}}],"collection":[{"href":"https:\/\/partediario.com.ar\/index.php?rest_route=\/wp\/v2\/posts"}],"about":[{"href":"https:\/\/partediario.com.ar\/index.php?rest_route=\/wp\/v2\/types\/post"}],"author":[{"embeddable":true,"href":"https:\/\/partediario.com.ar\/index.php?rest_route=\/wp\/v2\/users\/2"}],"replies":[{"embeddable":true,"href":"https:\/\/partediario.com.ar\/index.php?rest_route=%2Fwp%2Fv2%2Fcomments&post=2589"}],"version-history":[{"count":1,"href":"https:\/\/partediario.com.ar\/index.php?rest_route=\/wp\/v2\/posts\/2589\/revisions"}],"predecessor-version":[{"id":2592,"href":"https:\/\/partediario.com.ar\/index.php?rest_route=\/wp\/v2\/posts\/2589\/revisions\/2592"}],"wp:featuredmedia":[{"embeddable":true,"href":"https:\/\/partediario.com.ar\/index.php?rest_route=\/wp\/v2\/media\/2591"}],"wp:attachment":[{"href":"https:\/\/partediario.com.ar\/index.php?rest_route=%2Fwp%2Fv2%2Fmedia&parent=2589"}],"wp:term":[{"taxonomy":"category","embeddable":true,"href":"https:\/\/partediario.com.ar\/index.php?rest_route=%2Fwp%2Fv2%2Fcategories&post=2589"},{"taxonomy":"post_tag","embeddable":true,"href":"https:\/\/partediario.com.ar\/index.php?rest_route=%2Fwp%2Fv2%2Ftags&post=2589"}],"curies":[{"name":"wp","href":"https:\/\/api.w.org\/{rel}","templated":true}]}}