{"id":2593,"date":"2024-06-14T21:59:35","date_gmt":"2024-06-15T00:59:35","guid":{"rendered":"https:\/\/partediario.com.ar\/?p=2593"},"modified":"2024-06-14T21:59:36","modified_gmt":"2024-06-15T00:59:36","slug":"entre-rios-cayo-granizo-en-colonia-potrero","status":"publish","type":"post","link":"https:\/\/partediario.com.ar\/?p=2593","title":{"rendered":"Entre R\u00edos: cay\u00f3 granizo en Colonia Potrero"},"content":{"rendered":"\n<p><strong>El alerta por fuertes tormentas involucra a 10 departamentos de la provincia de Entre R\u00edos. En una de las zonas cayo una fuerte granizada.<\/strong><\/p>\n\n\n\n<p>Un fuerte granizo sorprendi\u00f3 esta tarde a los pobladores de la localidad de Colonia El Potrero, en el departamento Gualeguaych\u00fa.<\/p>\n\n\n\n<p>Lo sucedido qued\u00f3 registrado en im\u00e1genes que fueron enviadas a <strong>PARTE DIARIO<\/strong>. Cabe se\u00f1alar que en la zona rige una alerta amarilla por tormentas.<\/p>\n\n\n\n<p><\/p>\n\n\n\n<figure class=\"wp-block-image size-large\"><img loading=\"lazy\" decoding=\"async\" width=\"1005\" height=\"1024\" src=\"https:\/\/partediario.com.ar\/wp-content\/uploads\/WhatsApp-Image-2024-06-14-at-21.55.53-1-1005x1024.jpeg\" alt=\"\" class=\"wp-image-2594\" srcset=\"https:\/\/partediario.com.ar\/wp-content\/uploads\/WhatsApp-Image-2024-06-14-at-21.55.53-1-1005x1024.jpeg 1005w, https:\/\/partediario.com.ar\/wp-content\/uploads\/WhatsApp-Image-2024-06-14-at-21.55.53-1-295x300.jpeg 295w, https:\/\/partediario.com.ar\/wp-content\/uploads\/WhatsApp-Image-2024-06-14-at-21.55.53-1-768x782.jpeg 768w, https:\/\/partediario.com.ar\/wp-content\/uploads\/WhatsApp-Image-2024-06-14-at-21.55.53-1.jpeg 1080w\" sizes=\"auto, (max-width: 1005px) 100vw, 1005px\" \/><\/figure>\n\n\n\n<p><\/p>\n\n\n\n<p><strong>La alerta meteorol\u00f3gico rige para 10 departamentos de la provincia:<\/strong><\/p>\n\n\n\n<p>Col\u00f3n, Gualeguaych\u00fa, Islas del Ibicuy , Tala, Uruguay, Concordia, Federaci\u00f3n, Federal, Feliciano y San Salvador.<\/p>\n\n\n\n<p>Seg\u00fan la informaci\u00f3n brindada por el Servicio Meteorol\u00f3gico Nacional (SMN) se espera que el \u00e1rea sea \u00abafectada por tormentas, algunas localmente fuertes\u00bb. Y adem\u00e1s indican que: \u00abLas mismas podr\u00e1n estar acompa\u00f1adas por intensas r\u00e1fagas, fuerte actividad el\u00e9ctrica, ocasional ca\u00edda de granizo y abundante ca\u00edda de agua en cortos per\u00edodos\u00bb. Se estiman, en ese sentido, valores de precipitaci\u00f3n acumulada entre 20 y 60 mm, pudiendo ser superados en forma puntual.<\/p>\n","protected":false},"excerpt":{"rendered":"<p>El alerta por fuertes tormentas involucra a 10 departamentos de la provincia de Entre R&iacute;os. En una de las zonas cayo una fuerte granizada. Un fuerte granizo sorprendi&oacute; esta tarde a los pobladores de la localidad de Colonia El Potrero, en el departamento Gualeguaych&uacute;. Lo sucedido qued&oacute; registrado en im&aacute;genes que fueron enviadas a PARTE [&hellip;]<\/p>\n","protected":false},"author":2,"featured_media":2595,"comment_status":"open","ping_status":"open","sticky":false,"template":"","format":"standard","meta":{"footnotes":""},"categories":[8],"tags":[387],"class_list":["post-2593","post","type-post","status-publish","format-standard","has-post-thumbnail","hentry","category-provinciales","tag-colonia-potrero"],"_links":{"self":[{"href":"https:\/\/partediario.com.ar\/index.php?rest_route=\/wp\/v2\/posts\/2593","targetHints":{"allow":["GET"]}}],"collection":[{"href":"https:\/\/partediario.com.ar\/index.php?rest_route=\/wp\/v2\/posts"}],"about":[{"href":"https:\/\/partediario.com.ar\/index.php?rest_route=\/wp\/v2\/types\/post"}],"author":[{"embeddable":true,"href":"https:\/\/partediario.com.ar\/index.php?rest_route=\/wp\/v2\/users\/2"}],"replies":[{"embeddable":true,"href":"https:\/\/partediario.com.ar\/index.php?rest_route=%2Fwp%2Fv2%2Fcomments&post=2593"}],"version-history":[{"count":1,"href":"https:\/\/partediario.com.ar\/index.php?rest_route=\/wp\/v2\/posts\/2593\/revisions"}],"predecessor-version":[{"id":2596,"href":"https:\/\/partediario.com.ar\/index.php?rest_route=\/wp\/v2\/posts\/2593\/revisions\/2596"}],"wp:featuredmedia":[{"embeddable":true,"href":"https:\/\/partediario.com.ar\/index.php?rest_route=\/wp\/v2\/media\/2595"}],"wp:attachment":[{"href":"https:\/\/partediario.com.ar\/index.php?rest_route=%2Fwp%2Fv2%2Fmedia&parent=2593"}],"wp:term":[{"taxonomy":"category","embeddable":true,"href":"https:\/\/partediario.com.ar\/index.php?rest_route=%2Fwp%2Fv2%2Fcategories&post=2593"},{"taxonomy":"post_tag","embeddable":true,"href":"https:\/\/partediario.com.ar\/index.php?rest_route=%2Fwp%2Fv2%2Ftags&post=2593"}],"curies":[{"name":"wp","href":"https:\/\/api.w.org\/{rel}","templated":true}]}}