{"id":2601,"date":"2024-06-14T22:24:53","date_gmt":"2024-06-15T01:24:53","guid":{"rendered":"https:\/\/partediario.com.ar\/?p=2601"},"modified":"2024-06-14T22:24:55","modified_gmt":"2024-06-15T01:24:55","slug":"grabois-se-presentara-este-sabado-en-la-provincia-de-entre-rios","status":"publish","type":"post","link":"https:\/\/partediario.com.ar\/?p=2601","title":{"rendered":"Grabois se presentar\u00e1 este s\u00e1bado en la provincia de Entre R\u00edos"},"content":{"rendered":"\n<p><strong>Con Juan Grabois como principal referente, Entre R\u00edos presenta el partido Patria Grande. El evento de lanzamiento se llevar\u00e1 a cabo este s\u00e1bado a partir de las 18:30, en la sede de ATE (Col\u00f3n 59), Paran\u00e1.<\/strong><\/p>\n\n\n\n<p>Con la participaci\u00f3n de referentes nacionales y militantes pertenecientes a toda la provincia, se realizar\u00e1 el evento pol\u00edtico y cultural \u00abConstruyendo la alternativa: Encuentro por una Entre R\u00edos Humana\u00bb, abierto a toda la comunidad con motivo de la presentaci\u00f3n del partido, la convocatoria es en sinton\u00eda con diversos lugares del pa\u00eds y con Juan Grabois como principal referente. El evento se realizar\u00e1 el pr\u00f3ximo s\u00e1bado a partir de las 18:30, en la sede de ATE (Col\u00f3n 59), ciudad de Paran\u00e1.<\/p>\n\n\n\n<p>El encuentro contar\u00e1 con la presencia de Fernanda Mi\u00f1o militante de Patria Grande y ex Secretaria de la Secretar\u00eda de Integraci\u00f3n Socio Urbana (SISU). Adem\u00e1s se presentar\u00e1n m\u00fasicos, poetas y bailarines paranaenses, adem\u00e1s de cantina.<\/p>\n\n\n\n<p>\u201cFrente al contexto que vivimos, urge encontrarse entre trabajadores, j\u00f3venes, estudiantes y militantes populares, para construir una alternativa provincial que surja de esas identidades\u201d, manifestaron desde el espacio pol\u00edtico y a\u00f1adieron: \u201cPor eso, el evento dar\u00e1 comienzo a la campa\u00f1a de afiliaci\u00f3n provincial, para dar a conocer la propuesta e incorporar a quienes deseen una herramienta pol\u00edtica novedosa y popular\u201d.<\/p>\n\n\n\n<p>\u201cInvitamos a toda la comunidad y a diferentes espacios pol\u00edticos, gremiales y referentes a asistir a este momento de encuentro para construir una Entre R\u00edos Humana\u201d, concluyeron desde Patria Grande.<\/p>\n","protected":false},"excerpt":{"rendered":"<p>Con Juan Grabois como principal referente, Entre R&iacute;os presenta el partido Patria Grande. El evento de lanzamiento se llevar&aacute; a cabo este s&aacute;bado a partir de las 18:30, en la sede de ATE (Col&oacute;n 59), Paran&aacute;. Con la participaci&oacute;n de referentes nacionales y militantes pertenecientes a toda la provincia, se realizar&aacute; el evento pol&iacute;tico y [&hellip;]<\/p>\n","protected":false},"author":2,"featured_media":2602,"comment_status":"open","ping_status":"open","sticky":false,"template":"","format":"standard","meta":{"footnotes":""},"categories":[6,8],"tags":[257,396,395,265,394,397],"class_list":["post-2601","post","type-post","status-publish","format-standard","has-post-thumbnail","hentry","category-locales","category-provinciales","tag-entre-rios","tag-fernanda-mino","tag-juan-grabois","tag-parana","tag-patria-grande","tag-sede"],"_links":{"self":[{"href":"https:\/\/partediario.com.ar\/index.php?rest_route=\/wp\/v2\/posts\/2601","targetHints":{"allow":["GET"]}}],"collection":[{"href":"https:\/\/partediario.com.ar\/index.php?rest_route=\/wp\/v2\/posts"}],"about":[{"href":"https:\/\/partediario.com.ar\/index.php?rest_route=\/wp\/v2\/types\/post"}],"author":[{"embeddable":true,"href":"https:\/\/partediario.com.ar\/index.php?rest_route=\/wp\/v2\/users\/2"}],"replies":[{"embeddable":true,"href":"https:\/\/partediario.com.ar\/index.php?rest_route=%2Fwp%2Fv2%2Fcomments&post=2601"}],"version-history":[{"count":1,"href":"https:\/\/partediario.com.ar\/index.php?rest_route=\/wp\/v2\/posts\/2601\/revisions"}],"predecessor-version":[{"id":2603,"href":"https:\/\/partediario.com.ar\/index.php?rest_route=\/wp\/v2\/posts\/2601\/revisions\/2603"}],"wp:featuredmedia":[{"embeddable":true,"href":"https:\/\/partediario.com.ar\/index.php?rest_route=\/wp\/v2\/media\/2602"}],"wp:attachment":[{"href":"https:\/\/partediario.com.ar\/index.php?rest_route=%2Fwp%2Fv2%2Fmedia&parent=2601"}],"wp:term":[{"taxonomy":"category","embeddable":true,"href":"https:\/\/partediario.com.ar\/index.php?rest_route=%2Fwp%2Fv2%2Fcategories&post=2601"},{"taxonomy":"post_tag","embeddable":true,"href":"https:\/\/partediario.com.ar\/index.php?rest_route=%2Fwp%2Fv2%2Ftags&post=2601"}],"curies":[{"name":"wp","href":"https:\/\/api.w.org\/{rel}","templated":true}]}}