{"id":2607,"date":"2024-06-15T09:05:32","date_gmt":"2024-06-15T12:05:32","guid":{"rendered":"https:\/\/partediario.com.ar\/?p=2607"},"modified":"2024-06-15T09:05:33","modified_gmt":"2024-06-15T12:05:33","slug":"clima-en-entre-rios-sabado-con-nubosidad-variable-y-una-maxima-cercana-a-los-22c","status":"publish","type":"post","link":"https:\/\/partediario.com.ar\/?p=2607","title":{"rendered":"Clima en Entre R\u00edos: s\u00e1bado con nubosidad variable y una m\u00e1xima cercana a los 22\u00b0C"},"content":{"rendered":"\n<h3 class=\"wp-block-heading\">El Servicio Meteorol\u00f3gico Nacional (SMN), no pronostica lluvias para este s\u00e1bado, pero si para el domingo. Se inform\u00f3 que con el correr de los d\u00edas los registros t\u00e9rmicos ir\u00e1n en paulatino descenso.<\/h3>\n\n\n\n<p>El SMN indica que este s\u00e1bado se presentar\u00e1 mayormente nublado, aunque sin probabilidad de inestabilidades. La temperatura baj\u00f3 respecto a d\u00edas anteriores y se espera una m\u00ednima de 12\u00b0C y una m\u00e1xima de 22\u00b0C.<\/p>\n\n\n\n<p>Para el domingo, D\u00eda del Padre, se aguarda cielo nublado, con probabilidad de tormentas durante toda la jornada. La m\u00ednima ser\u00e1 de 12\u00b0C y la m\u00e1xima de 18\u00b0C.<\/p>\n\n\n\n<p>La semana comenzar\u00e1 sin lluvias. El lunes, feriado en conmemoraci\u00f3n al Paso a la inmortalidad del General Don Mart\u00edn Miguel de G\u00fcemes, se espera una jornada nublada, con una temperatura m\u00ednima de 11\u00b0C y una m\u00e1xima de 19\u00b0C.<\/p>\n\n\n\n<p>Mientras que para el martes se anticipa m\u00ednima de 14\u00b0C y m\u00e1xima de 20\u00b0C, mientras que para el mi\u00e9rcoles 12\u00b0C de m\u00ednima y 17\u00b0C de m\u00e1xima.<\/p>\n","protected":false},"excerpt":{"rendered":"<p>El Servicio Meteorol&oacute;gico Nacional (SMN), no pronostica lluvias para este s&aacute;bado, pero si para el domingo. Se inform&oacute; que con el correr de los d&iacute;as los registros t&eacute;rmicos ir&aacute;n en paulatino descenso. El SMN indica que este s&aacute;bado se presentar&aacute; mayormente nublado, aunque sin probabilidad de inestabilidades. La temperatura baj&oacute; respecto a d&iacute;as anteriores y [&hellip;]<\/p>\n","protected":false},"author":2,"featured_media":2608,"comment_status":"open","ping_status":"open","sticky":false,"template":"","format":"standard","meta":{"footnotes":""},"categories":[6,8],"tags":[267,257,402],"class_list":["post-2607","post","type-post","status-publish","format-standard","has-post-thumbnail","hentry","category-locales","category-provinciales","tag-clima","tag-entre-rios","tag-servicio-meteorologico-nacional"],"_links":{"self":[{"href":"https:\/\/partediario.com.ar\/index.php?rest_route=\/wp\/v2\/posts\/2607","targetHints":{"allow":["GET"]}}],"collection":[{"href":"https:\/\/partediario.com.ar\/index.php?rest_route=\/wp\/v2\/posts"}],"about":[{"href":"https:\/\/partediario.com.ar\/index.php?rest_route=\/wp\/v2\/types\/post"}],"author":[{"embeddable":true,"href":"https:\/\/partediario.com.ar\/index.php?rest_route=\/wp\/v2\/users\/2"}],"replies":[{"embeddable":true,"href":"https:\/\/partediario.com.ar\/index.php?rest_route=%2Fwp%2Fv2%2Fcomments&post=2607"}],"version-history":[{"count":1,"href":"https:\/\/partediario.com.ar\/index.php?rest_route=\/wp\/v2\/posts\/2607\/revisions"}],"predecessor-version":[{"id":2609,"href":"https:\/\/partediario.com.ar\/index.php?rest_route=\/wp\/v2\/posts\/2607\/revisions\/2609"}],"wp:featuredmedia":[{"embeddable":true,"href":"https:\/\/partediario.com.ar\/index.php?rest_route=\/wp\/v2\/media\/2608"}],"wp:attachment":[{"href":"https:\/\/partediario.com.ar\/index.php?rest_route=%2Fwp%2Fv2%2Fmedia&parent=2607"}],"wp:term":[{"taxonomy":"category","embeddable":true,"href":"https:\/\/partediario.com.ar\/index.php?rest_route=%2Fwp%2Fv2%2Fcategories&post=2607"},{"taxonomy":"post_tag","embeddable":true,"href":"https:\/\/partediario.com.ar\/index.php?rest_route=%2Fwp%2Fv2%2Ftags&post=2607"}],"curies":[{"name":"wp","href":"https:\/\/api.w.org\/{rel}","templated":true}]}}