{"id":2610,"date":"2024-06-15T09:29:29","date_gmt":"2024-06-15T12:29:29","guid":{"rendered":"https:\/\/partediario.com.ar\/?p=2610"},"modified":"2024-06-15T09:29:31","modified_gmt":"2024-06-15T12:29:31","slug":"con-mucha-emocion-alta-en-el-cielo-la-bandera-de-520-metros-recorrio-parana","status":"publish","type":"post","link":"https:\/\/partediario.com.ar\/?p=2610","title":{"rendered":"Con mucha emoci\u00f3n \u00abAlta en el Cielo\u00bb la bandera de 520 metros recorri\u00f3 Paran\u00e1"},"content":{"rendered":"\n<p><strong>La ense\u00f1a patria recorri\u00f3 la ciudad en la tarde del viernes. \u201cEs una emoci\u00f3n muy grande, es algo que se puede explicar, hay que sentirlo\u201d, expres\u00f3 uno de los autores de Alta en el Cielo.<\/strong><\/p>\n\n\n\n<p>La bandera argentina, que busca ser la de mayor dimensi\u00f3n del pa\u00eds, arrib\u00f3 a la ciudad de Paran\u00e1 este jueves con 500 metros y se le incorporaron 20 metros, ya que la iniciativa propone sumar 10 metros en cada localidad que visite. Este agragado se dio gracias a donaciones de la Uni\u00f3n Entrerriana de Comunidades Vecinales y el Centro de Excombatientes de Malvinas junto a la Direcci\u00f3n Municipal de veteranos.<\/p>\n\n\n\n<p><\/p>\n\n\n\n<figure class=\"wp-block-image size-large\"><img loading=\"lazy\" decoding=\"async\" width=\"1024\" height=\"1019\" src=\"https:\/\/partediario.com.ar\/wp-content\/uploads\/448354383_871036398392090_9109256577462951293_n-1024x1019.jpg\" alt=\"\" class=\"wp-image-2611\" srcset=\"https:\/\/partediario.com.ar\/wp-content\/uploads\/448354383_871036398392090_9109256577462951293_n-1024x1019.jpg 1024w, https:\/\/partediario.com.ar\/wp-content\/uploads\/448354383_871036398392090_9109256577462951293_n-300x300.jpg 300w, https:\/\/partediario.com.ar\/wp-content\/uploads\/448354383_871036398392090_9109256577462951293_n-150x150.jpg 150w, https:\/\/partediario.com.ar\/wp-content\/uploads\/448354383_871036398392090_9109256577462951293_n-768x764.jpg 768w, https:\/\/partediario.com.ar\/wp-content\/uploads\/448354383_871036398392090_9109256577462951293_n.jpg 1070w\" sizes=\"auto, (max-width: 1024px) 100vw, 1024px\" \/><\/figure>\n\n\n\n<p><\/p>\n\n\n\n<p>A las 16, el pa\u00f1o se despleg\u00f3 y se fueron sumando brazos para extenderla. Si bien el evento se complic\u00f3 con la presencia del viento, nada impide portar con orgullo y emoci\u00f3n la ense\u00f1a patria.<\/p>\n\n\n\n<p>Marcelo Melano, uno de los gestores de hacer esta bandera, se\u00f1al\u00f3: \u201cSomos la delegaci\u00f3n de Villa Nueva, C\u00f3rdoba, que iniciamos esta movida con Alta en el Cielo en la ciudad de Rosario, y nos propusimos hacer crecer la bandera que hoy ya tiene 520 metros, soy un vecinalista y amo la bandera\u201d.<\/p>\n\n\n\n<p>Sumamente emocionado relat\u00f3 que cada despliegue y recorrido \u201ces una emoci\u00f3n muy grande, es algo que se puede explicar, hay que sentirlo\u201d, y dirigi\u00e9ndose a la poblaci\u00f3n asegur\u00f3: \u201cles digo que quieran a su Patria, a la bandera, que es lo m\u00e1s grande que tenemos\u201d.<\/p>\n\n\n\n<p>Miguel Rosset, veterano de Malvinas, record\u00f3 que \u201choy es una fecha muy cara para el sentimiento de todos los veteranos porque es el d\u00eda cuando nos rendimos en Malvinas, no se puede decir que es festejo porque es doloroso, pero as\u00ed es la vida y estamos desde hace 42 a\u00f1os con este sufrimiento cuando se conmemora un d\u00eda como hoy\u201d.<\/p>\n\n\n\n<p>\u201cEstamos muy agradecidos con el pueblo argentino en general, porque por ellos fuimos reconocidos, no as\u00ed por el Estado que reci\u00e9n a los 40 a\u00f1os empezamos a tener reconocimiento\u201d, agreg\u00f3.<\/p>\n\n\n\n<p>Finalizando pidi\u00f3 a los ni\u00f1os y j\u00f3venes \u201cque se acerquen a los veteranos para conocer la historia, es bueno aprender y todav\u00eda estamos para contar lo que es una guerra\u201d.<\/p>\n","protected":false},"excerpt":{"rendered":"<p>La ense&ntilde;a patria recorri&oacute; la ciudad en la tarde del viernes. &ldquo;Es una emoci&oacute;n muy grande, es algo que se puede explicar, hay que sentirlo&rdquo;, expres&oacute; uno de los autores de Alta en el Cielo. La bandera argentina, que busca ser la de mayor dimensi&oacute;n del pa&iacute;s, arrib&oacute; a la ciudad de Paran&aacute; este jueves [&hellip;]<\/p>\n","protected":false},"author":2,"featured_media":2612,"comment_status":"open","ping_status":"open","sticky":false,"template":"","format":"standard","meta":{"footnotes":""},"categories":[6],"tags":[403,404,406,265],"class_list":["post-2610","post","type-post","status-publish","format-standard","has-post-thumbnail","hentry","category-locales","tag-alta-en-el-cielo","tag-bandera","tag-malvinas","tag-parana"],"_links":{"self":[{"href":"https:\/\/partediario.com.ar\/index.php?rest_route=\/wp\/v2\/posts\/2610","targetHints":{"allow":["GET"]}}],"collection":[{"href":"https:\/\/partediario.com.ar\/index.php?rest_route=\/wp\/v2\/posts"}],"about":[{"href":"https:\/\/partediario.com.ar\/index.php?rest_route=\/wp\/v2\/types\/post"}],"author":[{"embeddable":true,"href":"https:\/\/partediario.com.ar\/index.php?rest_route=\/wp\/v2\/users\/2"}],"replies":[{"embeddable":true,"href":"https:\/\/partediario.com.ar\/index.php?rest_route=%2Fwp%2Fv2%2Fcomments&post=2610"}],"version-history":[{"count":1,"href":"https:\/\/partediario.com.ar\/index.php?rest_route=\/wp\/v2\/posts\/2610\/revisions"}],"predecessor-version":[{"id":2613,"href":"https:\/\/partediario.com.ar\/index.php?rest_route=\/wp\/v2\/posts\/2610\/revisions\/2613"}],"wp:featuredmedia":[{"embeddable":true,"href":"https:\/\/partediario.com.ar\/index.php?rest_route=\/wp\/v2\/media\/2612"}],"wp:attachment":[{"href":"https:\/\/partediario.com.ar\/index.php?rest_route=%2Fwp%2Fv2%2Fmedia&parent=2610"}],"wp:term":[{"taxonomy":"category","embeddable":true,"href":"https:\/\/partediario.com.ar\/index.php?rest_route=%2Fwp%2Fv2%2Fcategories&post=2610"},{"taxonomy":"post_tag","embeddable":true,"href":"https:\/\/partediario.com.ar\/index.php?rest_route=%2Fwp%2Fv2%2Ftags&post=2610"}],"curies":[{"name":"wp","href":"https:\/\/api.w.org\/{rel}","templated":true}]}}