{"id":2614,"date":"2024-06-15T09:40:30","date_gmt":"2024-06-15T12:40:30","guid":{"rendered":"https:\/\/partediario.com.ar\/?p=2614"},"modified":"2024-06-15T09:40:31","modified_gmt":"2024-06-15T12:40:31","slug":"parana-las-bicicletas-publicas-se-podran-utilizar-sin-costo-lo-que-resta-de-junio","status":"publish","type":"post","link":"https:\/\/partediario.com.ar\/?p=2614","title":{"rendered":"Paran\u00e1: las bicicletas p\u00fablicas se podr\u00e1n utilizar sin costo lo que resta de junio"},"content":{"rendered":"\n<p><strong>El beneficio se aplicar\u00e1 a partir de este s\u00e1bado 15 de junio. Es una iniciativa de la Municipalidad en el aniversario de la ciudad, para que vecinos y turistas puedan movilizarse gratuitamente y disfrutar los distintos espacios p\u00fablicos y eventos que brinda la ciudad.<\/strong><\/p>\n\n\n\n<p>La Municipalidad de Paran\u00e1 dio a conocer que desde este s\u00e1bado 15 de junio las bicicletas p\u00fablicas podr\u00e1n usarse de manera gratuita hasta que finalice el mes. Es una iniciativa que se da en el marco de los festejos por el aniversario de la Ciudad, para que vecinos y turistas puedan movilizarse gratuitamente y disfrutar los distintos espacios p\u00fablicos, atractivos y eventos programados, que se brindan en la ciudad.<\/p>\n\n\n\n<p>Las estaciones activas se encuentran en la Plaza Petit Pisant, Paran\u00e1 Rowing Club, Sala Mayo, Thompson, Danza de La Flecha, Salta y Nogoy\u00e1, Plaza Alvear, Plaza Alberdi, Plaza 1\u00b0 de Mayo, Ferrocarril, Plaza S\u00e1enz Pe\u00f1a y la Terminal y en 33 Orientales, Plaza Belgrano, rectorado de UADER, Catamarca y Laprida, Plaza Mujeres Entrerrianas y Shopping Paso del Paran\u00e1.<\/p>\n\n\n\n<p><\/p>\n\n\n\n<figure class=\"wp-block-image size-full\"><img loading=\"lazy\" decoding=\"async\" width=\"750\" height=\"496\" src=\"https:\/\/partediario.com.ar\/wp-content\/uploads\/image_750x_628eb5bfa9ba7.jpg\" alt=\"\" class=\"wp-image-2616\" srcset=\"https:\/\/partediario.com.ar\/wp-content\/uploads\/image_750x_628eb5bfa9ba7.jpg 750w, https:\/\/partediario.com.ar\/wp-content\/uploads\/image_750x_628eb5bfa9ba7-300x198.jpg 300w\" sizes=\"auto, (max-width: 750px) 100vw, 750px\" \/><\/figure>\n\n\n\n<p><\/p>\n\n\n\n<p><strong>App Biciv\u00eda<\/strong><\/p>\n\n\n\n<p>Para descargar la aplicaci\u00f3n, desde el Play Store se busca como Biciv\u00eda Paran\u00e1. Luego se debe proceder al registro de usuario por \u00fanica vez. Al registrarse, el primer mes del servicio ser\u00e1 gratuito. Luego se abonar\u00e1 lo equivalente a un boleto de colectivo, pudiendo adquirir diversos tipos de abono: por hora, para un uso \u00fanico de una hora m\u00e1ximo, diario, mensual y anual, sin embargo durante lo que resta del mes de junio este servicio ser\u00e1 gratuito.<\/p>\n\n\n\n<p><\/p>\n\n\n\n<figure class=\"wp-block-image size-full\"><img loading=\"lazy\" decoding=\"async\" width=\"225\" height=\"225\" src=\"https:\/\/partediario.com.ar\/wp-content\/uploads\/descarga-1.jpeg\" alt=\"\" class=\"wp-image-2615\" srcset=\"https:\/\/partediario.com.ar\/wp-content\/uploads\/descarga-1.jpeg 225w, https:\/\/partediario.com.ar\/wp-content\/uploads\/descarga-1-150x150.jpeg 150w\" sizes=\"auto, (max-width: 225px) 100vw, 225px\" \/><\/figure>\n","protected":false},"excerpt":{"rendered":"<p>El beneficio se aplicar&aacute; a partir de este s&aacute;bado 15 de junio. Es una iniciativa de la Municipalidad en el aniversario de la ciudad, para que vecinos y turistas puedan movilizarse gratuitamente y disfrutar los distintos espacios p&uacute;blicos y eventos que brinda la ciudad. La Municipalidad de Paran&aacute; dio a conocer que desde este s&aacute;bado [&hellip;]<\/p>\n","protected":false},"author":2,"featured_media":2617,"comment_status":"open","ping_status":"open","sticky":false,"template":"","format":"standard","meta":{"footnotes":""},"categories":[6],"tags":[407,409,265,408],"class_list":["post-2614","post","type-post","status-publish","format-standard","has-post-thumbnail","hentry","category-locales","tag-bicicletas","tag-bicivia","tag-parana","tag-publicas"],"_links":{"self":[{"href":"https:\/\/partediario.com.ar\/index.php?rest_route=\/wp\/v2\/posts\/2614","targetHints":{"allow":["GET"]}}],"collection":[{"href":"https:\/\/partediario.com.ar\/index.php?rest_route=\/wp\/v2\/posts"}],"about":[{"href":"https:\/\/partediario.com.ar\/index.php?rest_route=\/wp\/v2\/types\/post"}],"author":[{"embeddable":true,"href":"https:\/\/partediario.com.ar\/index.php?rest_route=\/wp\/v2\/users\/2"}],"replies":[{"embeddable":true,"href":"https:\/\/partediario.com.ar\/index.php?rest_route=%2Fwp%2Fv2%2Fcomments&post=2614"}],"version-history":[{"count":1,"href":"https:\/\/partediario.com.ar\/index.php?rest_route=\/wp\/v2\/posts\/2614\/revisions"}],"predecessor-version":[{"id":2618,"href":"https:\/\/partediario.com.ar\/index.php?rest_route=\/wp\/v2\/posts\/2614\/revisions\/2618"}],"wp:featuredmedia":[{"embeddable":true,"href":"https:\/\/partediario.com.ar\/index.php?rest_route=\/wp\/v2\/media\/2617"}],"wp:attachment":[{"href":"https:\/\/partediario.com.ar\/index.php?rest_route=%2Fwp%2Fv2%2Fmedia&parent=2614"}],"wp:term":[{"taxonomy":"category","embeddable":true,"href":"https:\/\/partediario.com.ar\/index.php?rest_route=%2Fwp%2Fv2%2Fcategories&post=2614"},{"taxonomy":"post_tag","embeddable":true,"href":"https:\/\/partediario.com.ar\/index.php?rest_route=%2Fwp%2Fv2%2Ftags&post=2614"}],"curies":[{"name":"wp","href":"https:\/\/api.w.org\/{rel}","templated":true}]}}