{"id":2622,"date":"2024-06-15T13:19:29","date_gmt":"2024-06-15T16:19:29","guid":{"rendered":"https:\/\/partediario.com.ar\/?p=2622"},"modified":"2024-06-15T13:19:30","modified_gmt":"2024-06-15T16:19:30","slug":"entregaron-frazadas-a-jardines-maternales-municipales","status":"publish","type":"post","link":"https:\/\/partediario.com.ar\/?p=2622","title":{"rendered":"Entregaron frazadas a Jardines Maternales Municipales"},"content":{"rendered":"\n<p><strong>La acci\u00f3n fue impulsada por la Municipalidad de Paran\u00e1. Se trata de 30 mantas, 25 almohadas y 32 cuellos confeccionados en el CIC La Floresta para cinco jardines de la zona.<\/strong><\/p>\n\n\n\n<p>Es una iniciativa de la Subsecretar\u00eda de Convivencia Ciudadana. Fueron confeccionadas por el taller de costura del CIC La Floresta y el material fue entregado a los jardines Islerito Puente Blanco, Islerito San Mart\u00edn, Abejita, Ping\u00fcinito y Evita.<\/p>\n\n\n\n<p><\/p>\n\n\n\n<figure class=\"wp-block-image size-large\"><img loading=\"lazy\" decoding=\"async\" width=\"1024\" height=\"682\" src=\"https:\/\/partediario.com.ar\/wp-content\/uploads\/1718370652_034b62336145334d4d6a-1024x682.jpg\" alt=\"\" class=\"wp-image-2623\" srcset=\"https:\/\/partediario.com.ar\/wp-content\/uploads\/1718370652_034b62336145334d4d6a-1024x682.jpg 1024w, https:\/\/partediario.com.ar\/wp-content\/uploads\/1718370652_034b62336145334d4d6a-300x200.jpg 300w, https:\/\/partediario.com.ar\/wp-content\/uploads\/1718370652_034b62336145334d4d6a-768x512.jpg 768w, https:\/\/partediario.com.ar\/wp-content\/uploads\/1718370652_034b62336145334d4d6a.jpg 1280w\" sizes=\"auto, (max-width: 1024px) 100vw, 1024px\" \/><\/figure>\n\n\n\n<p><\/p>\n\n\n\n<p>La subsecretaria de Educaci\u00f3n Formal y No Formal, Rita Nievas, detall\u00f3: \u201cPoder brindar acolchados, almohadas y cuellitos es muy emocionante. Agradecemos al CIC La Floresta por estos elementos que ser\u00e1n especialmente para salas donde tenemos beb\u00e9s de 45 d\u00edas en adelante\u201d.<\/p>\n\n\n\n<p><\/p>\n\n\n\n<figure class=\"wp-block-image size-full\"><img loading=\"lazy\" decoding=\"async\" width=\"760\" height=\"427\" src=\"https:\/\/partediario.com.ar\/wp-content\/uploads\/524b858ba411a372c34a6a1ad62ed7de.jpg\" alt=\"\" class=\"wp-image-2624\" srcset=\"https:\/\/partediario.com.ar\/wp-content\/uploads\/524b858ba411a372c34a6a1ad62ed7de.jpg 760w, https:\/\/partediario.com.ar\/wp-content\/uploads\/524b858ba411a372c34a6a1ad62ed7de-300x169.jpg 300w\" sizes=\"auto, (max-width: 760px) 100vw, 760px\" \/><\/figure>\n\n\n\n<p><\/p>\n\n\n\n<p>Yamina Bainella, subsecretaria de Convivencia Ciudadana, explic\u00f3 que \u201cel CIC La Floresta siempre busca c\u00f3mo fortalecer las redes de las instituciones de la zona, en este caso pensando en los jardines maternales, porque son justamente quienes dan la contenci\u00f3n a esas primeras infancias\u201d.<\/p>\n\n\n\n<p><\/p>\n\n\n\n<figure class=\"wp-block-embed is-type-video is-provider-youtube wp-block-embed-youtube wp-embed-aspect-16-9 wp-has-aspect-ratio\"><div class=\"wp-block-embed__wrapper\">\n<iframe loading=\"lazy\" title=\"Entregaron frazadas a Jardines Maternales Municipales\" width=\"640\" height=\"360\" src=\"https:\/\/www.youtube.com\/embed\/UOdnlgtz10I?feature=oembed\" frameborder=\"0\" allow=\"accelerometer; autoplay; clipboard-write; encrypted-media; gyroscope; picture-in-picture; web-share\" referrerpolicy=\"strict-origin-when-cross-origin\" allowfullscreen><\/iframe>\n<\/div><\/figure>\n","protected":false},"excerpt":{"rendered":"<p>La acci&oacute;n fue impulsada por la Municipalidad de Paran&aacute;. Se trata de 30 mantas, 25 almohadas y 32 cuellos confeccionados en el CIC La Floresta para cinco jardines de la zona. Es una iniciativa de la Subsecretar&iacute;a de Convivencia Ciudadana. Fueron confeccionadas por el taller de costura del CIC La Floresta y el material fue [&hellip;]<\/p>\n","protected":false},"author":2,"featured_media":2625,"comment_status":"open","ping_status":"open","sticky":false,"template":"","format":"standard","meta":{"footnotes":""},"categories":[6],"tags":[416,414,417,415,210,265],"class_list":["post-2622","post","type-post","status-publish","format-standard","has-post-thumbnail","hentry","category-locales","tag-cic","tag-entrega","tag-floresta","tag-frazadas","tag-municipalidad","tag-parana"],"_links":{"self":[{"href":"https:\/\/partediario.com.ar\/index.php?rest_route=\/wp\/v2\/posts\/2622","targetHints":{"allow":["GET"]}}],"collection":[{"href":"https:\/\/partediario.com.ar\/index.php?rest_route=\/wp\/v2\/posts"}],"about":[{"href":"https:\/\/partediario.com.ar\/index.php?rest_route=\/wp\/v2\/types\/post"}],"author":[{"embeddable":true,"href":"https:\/\/partediario.com.ar\/index.php?rest_route=\/wp\/v2\/users\/2"}],"replies":[{"embeddable":true,"href":"https:\/\/partediario.com.ar\/index.php?rest_route=%2Fwp%2Fv2%2Fcomments&post=2622"}],"version-history":[{"count":1,"href":"https:\/\/partediario.com.ar\/index.php?rest_route=\/wp\/v2\/posts\/2622\/revisions"}],"predecessor-version":[{"id":2626,"href":"https:\/\/partediario.com.ar\/index.php?rest_route=\/wp\/v2\/posts\/2622\/revisions\/2626"}],"wp:featuredmedia":[{"embeddable":true,"href":"https:\/\/partediario.com.ar\/index.php?rest_route=\/wp\/v2\/media\/2625"}],"wp:attachment":[{"href":"https:\/\/partediario.com.ar\/index.php?rest_route=%2Fwp%2Fv2%2Fmedia&parent=2622"}],"wp:term":[{"taxonomy":"category","embeddable":true,"href":"https:\/\/partediario.com.ar\/index.php?rest_route=%2Fwp%2Fv2%2Fcategories&post=2622"},{"taxonomy":"post_tag","embeddable":true,"href":"https:\/\/partediario.com.ar\/index.php?rest_route=%2Fwp%2Fv2%2Ftags&post=2622"}],"curies":[{"name":"wp","href":"https:\/\/api.w.org\/{rel}","templated":true}]}}