{"id":2627,"date":"2024-06-15T13:24:41","date_gmt":"2024-06-15T16:24:41","guid":{"rendered":"https:\/\/partediario.com.ar\/?p=2627"},"modified":"2024-06-15T13:24:47","modified_gmt":"2024-06-15T16:24:47","slug":"el-parque-lineal-sur-se-suma-a-los-festejos-del-cumpleanos-de-la-ciudad-de-parana","status":"publish","type":"post","link":"https:\/\/partediario.com.ar\/?p=2627","title":{"rendered":"El Parque Lineal Sur se suma a los festejos del cumplea\u00f1os de la ciudad de Paran\u00e1"},"content":{"rendered":"\n<p><strong>El Festival del Sur ser\u00e1 este lunes 17 de junio en el Parque Lineal Sur de 10 a 17. Se presentar\u00e1n Las Tutucas, Estilo Vargas, La Montrull, Proyecto Pe\u00f1a y S\u00faper Banda Estrella. Organiza la Municipalidad, para toda la familia y con acceso libre y gratuito.<\/strong><\/p>\n\n\n\n<p>Adem\u00e1s, habr\u00e1 oferta gastron\u00f3mica, feria de emprendedores del barrio y se presentar\u00e1n n\u00fameros art\u00edsticos como Carol Villalba: La Tapecita del Acorde\u00f3n y el show de Luis Ram\u00f3n Samaniego.<\/p>\n\n\n\n<p>Es el segundo encuentro del ciclo de festivales descentralizados en la ciudad. El objetivo es propiciar el encuentro entre vecinos, promoviendo expresiones art\u00edsticas, gastron\u00f3micas y artesanales que los identifiquen. Para lograrlo, se realiza un trabajo colaborativo con instituciones, organizaciones sociales, colectivos locales y comisiones vecinales.<\/p>\n\n\n\n<p><\/p>\n\n\n\n<figure class=\"wp-block-image size-full\"><img loading=\"lazy\" decoding=\"async\" width=\"760\" height=\"427\" src=\"https:\/\/partediario.com.ar\/wp-content\/uploads\/48cd3c6f7d069d99a7513572d1d226fa-1.jpg\" alt=\"\" class=\"wp-image-2629\" srcset=\"https:\/\/partediario.com.ar\/wp-content\/uploads\/48cd3c6f7d069d99a7513572d1d226fa-1.jpg 760w, https:\/\/partediario.com.ar\/wp-content\/uploads\/48cd3c6f7d069d99a7513572d1d226fa-1-300x169.jpg 300w\" sizes=\"auto, (max-width: 760px) 100vw, 760px\" \/><\/figure>\n","protected":false},"excerpt":{"rendered":"<p>El Festival del Sur ser&aacute; este lunes 17 de junio en el Parque Lineal Sur de 10 a 17. Se presentar&aacute;n Las Tutucas, Estilo Vargas, La Montrull, Proyecto Pe&ntilde;a y S&uacute;per Banda Estrella. Organiza la Municipalidad, para toda la familia y con acceso libre y gratuito. Adem&aacute;s, habr&aacute; oferta gastron&oacute;mica, feria de emprendedores del barrio [&hellip;]<\/p>\n","protected":false},"author":2,"featured_media":2630,"comment_status":"open","ping_status":"open","sticky":false,"template":"","format":"standard","meta":{"footnotes":""},"categories":[6],"tags":[419,265,418],"class_list":["post-2627","post","type-post","status-publish","format-standard","has-post-thumbnail","hentry","category-locales","tag-festejos","tag-parana","tag-parque-lineal-sur"],"_links":{"self":[{"href":"https:\/\/partediario.com.ar\/index.php?rest_route=\/wp\/v2\/posts\/2627","targetHints":{"allow":["GET"]}}],"collection":[{"href":"https:\/\/partediario.com.ar\/index.php?rest_route=\/wp\/v2\/posts"}],"about":[{"href":"https:\/\/partediario.com.ar\/index.php?rest_route=\/wp\/v2\/types\/post"}],"author":[{"embeddable":true,"href":"https:\/\/partediario.com.ar\/index.php?rest_route=\/wp\/v2\/users\/2"}],"replies":[{"embeddable":true,"href":"https:\/\/partediario.com.ar\/index.php?rest_route=%2Fwp%2Fv2%2Fcomments&post=2627"}],"version-history":[{"count":1,"href":"https:\/\/partediario.com.ar\/index.php?rest_route=\/wp\/v2\/posts\/2627\/revisions"}],"predecessor-version":[{"id":2631,"href":"https:\/\/partediario.com.ar\/index.php?rest_route=\/wp\/v2\/posts\/2627\/revisions\/2631"}],"wp:featuredmedia":[{"embeddable":true,"href":"https:\/\/partediario.com.ar\/index.php?rest_route=\/wp\/v2\/media\/2630"}],"wp:attachment":[{"href":"https:\/\/partediario.com.ar\/index.php?rest_route=%2Fwp%2Fv2%2Fmedia&parent=2627"}],"wp:term":[{"taxonomy":"category","embeddable":true,"href":"https:\/\/partediario.com.ar\/index.php?rest_route=%2Fwp%2Fv2%2Fcategories&post=2627"},{"taxonomy":"post_tag","embeddable":true,"href":"https:\/\/partediario.com.ar\/index.php?rest_route=%2Fwp%2Fv2%2Ftags&post=2627"}],"curies":[{"name":"wp","href":"https:\/\/api.w.org\/{rel}","templated":true}]}}