{"id":2636,"date":"2024-06-15T18:47:14","date_gmt":"2024-06-15T21:47:14","guid":{"rendered":"https:\/\/partediario.com.ar\/?p=2636"},"modified":"2024-06-15T21:05:02","modified_gmt":"2024-06-16T00:05:02","slug":"parana-agasajan-a-los-ninos-en-el-merendero-los-bocheritos","status":"publish","type":"post","link":"https:\/\/partediario.com.ar\/?p=2636","title":{"rendered":"Paran\u00e1: agasajan a los ni\u00f1os en el merendero Los Bocheritos"},"content":{"rendered":"\n<h3 class=\"wp-block-heading\">Merendero Los Brocheritos, agasaja a los ni\u00f1os y reconoce y agradece a quienes apadrinan y colaboran con el merendero que asiste a 329 personas.<\/h3>\n\n\n\n<p>El merendero est\u00e1 ubicado en el coraz\u00f3n del Barrio Los Hornos, en la casa de la familia R\u00edos, Le\u00f3n que desde hace m\u00e1s de 10 a\u00f1os asiste con leche y comida a m\u00e1s de un centenar de ni\u00f1os y adultos.<\/p>\n\n\n\n<p><\/p>\n\n\n\n<figure class=\"wp-block-image size-large\"><img loading=\"lazy\" decoding=\"async\" width=\"1024\" height=\"768\" src=\"https:\/\/partediario.com.ar\/wp-content\/uploads\/WhatsApp-Image-2024-06-15-at-16.47.10-2-1024x768.jpeg\" alt=\"\" class=\"wp-image-2638\" srcset=\"https:\/\/partediario.com.ar\/wp-content\/uploads\/WhatsApp-Image-2024-06-15-at-16.47.10-2-1024x768.jpeg 1024w, https:\/\/partediario.com.ar\/wp-content\/uploads\/WhatsApp-Image-2024-06-15-at-16.47.10-2-300x225.jpeg 300w, https:\/\/partediario.com.ar\/wp-content\/uploads\/WhatsApp-Image-2024-06-15-at-16.47.10-2-768x576.jpeg 768w, https:\/\/partediario.com.ar\/wp-content\/uploads\/WhatsApp-Image-2024-06-15-at-16.47.10-2.jpeg 1280w\" sizes=\"auto, (max-width: 1024px) 100vw, 1024px\" \/><\/figure>\n\n\n\n<p><\/p>\n\n\n\n<figure class=\"wp-block-image size-large\"><img loading=\"lazy\" decoding=\"async\" width=\"1024\" height=\"576\" src=\"https:\/\/partediario.com.ar\/wp-content\/uploads\/WhatsApp-Image-2024-06-15-at-16.47.10-3-1024x576.jpeg\" alt=\"\" class=\"wp-image-2641\" srcset=\"https:\/\/partediario.com.ar\/wp-content\/uploads\/WhatsApp-Image-2024-06-15-at-16.47.10-3-1024x576.jpeg 1024w, https:\/\/partediario.com.ar\/wp-content\/uploads\/WhatsApp-Image-2024-06-15-at-16.47.10-3-300x169.jpeg 300w, https:\/\/partediario.com.ar\/wp-content\/uploads\/WhatsApp-Image-2024-06-15-at-16.47.10-3-768x432.jpeg 768w, https:\/\/partediario.com.ar\/wp-content\/uploads\/WhatsApp-Image-2024-06-15-at-16.47.10-3.jpeg 1280w\" sizes=\"auto, (max-width: 1024px) 100vw, 1024px\" \/><\/figure>\n\n\n\n<p><\/p>\n\n\n\n<p>En esta oportunidad el encuentro no fue \u00fanicamente para compartir una tarde de pelotero, chocolate y delicias dulces y saladas, sino que adem\u00e1s se agradeci\u00f3 a los nuevos padrinos que colaboran de manera permanente. La militante social y gremial, Sandra Godoy, y el concejal Enrique R\u00edos.<\/p>\n\n\n\n<p>Se realiz\u00f3 adem\u00e1s un reconocimiento para la intendente de la ciudad Rosario Romero, quien permanentemente brega por el bienestar de las y los gurises de la ciudad.<\/p>\n","protected":false},"excerpt":{"rendered":"<p>Merendero Los Brocheritos, agasaja a los ni&ntilde;os y reconoce y agradece a quienes apadrinan y colaboran con el merendero que asiste a 329 personas. El merendero est&aacute; ubicado en el coraz&oacute;n del Barrio Los Hornos, en la casa de la familia R&iacute;os, Le&oacute;n que desde hace m&aacute;s de 10 a&ntilde;os asiste con leche y comida [&hellip;]<\/p>\n","protected":false},"author":2,"featured_media":2642,"comment_status":"open","ping_status":"open","sticky":false,"template":"","format":"standard","meta":{"footnotes":""},"categories":[6],"tags":[427,425,426,424,428,265,242],"class_list":["post-2636","post","type-post","status-publish","format-standard","has-post-thumbnail","hentry","category-locales","tag-enrique-rios","tag-los-brocheritos","tag-los-hornos","tag-merendero","tag-padrino","tag-parana","tag-rosario-romero"],"_links":{"self":[{"href":"https:\/\/partediario.com.ar\/index.php?rest_route=\/wp\/v2\/posts\/2636","targetHints":{"allow":["GET"]}}],"collection":[{"href":"https:\/\/partediario.com.ar\/index.php?rest_route=\/wp\/v2\/posts"}],"about":[{"href":"https:\/\/partediario.com.ar\/index.php?rest_route=\/wp\/v2\/types\/post"}],"author":[{"embeddable":true,"href":"https:\/\/partediario.com.ar\/index.php?rest_route=\/wp\/v2\/users\/2"}],"replies":[{"embeddable":true,"href":"https:\/\/partediario.com.ar\/index.php?rest_route=%2Fwp%2Fv2%2Fcomments&post=2636"}],"version-history":[{"count":4,"href":"https:\/\/partediario.com.ar\/index.php?rest_route=\/wp\/v2\/posts\/2636\/revisions"}],"predecessor-version":[{"id":2647,"href":"https:\/\/partediario.com.ar\/index.php?rest_route=\/wp\/v2\/posts\/2636\/revisions\/2647"}],"wp:featuredmedia":[{"embeddable":true,"href":"https:\/\/partediario.com.ar\/index.php?rest_route=\/wp\/v2\/media\/2642"}],"wp:attachment":[{"href":"https:\/\/partediario.com.ar\/index.php?rest_route=%2Fwp%2Fv2%2Fmedia&parent=2636"}],"wp:term":[{"taxonomy":"category","embeddable":true,"href":"https:\/\/partediario.com.ar\/index.php?rest_route=%2Fwp%2Fv2%2Fcategories&post=2636"},{"taxonomy":"post_tag","embeddable":true,"href":"https:\/\/partediario.com.ar\/index.php?rest_route=%2Fwp%2Fv2%2Ftags&post=2636"}],"curies":[{"name":"wp","href":"https:\/\/api.w.org\/{rel}","templated":true}]}}