{"id":2658,"date":"2024-06-16T10:23:21","date_gmt":"2024-06-16T13:23:21","guid":{"rendered":"https:\/\/partediario.com.ar\/?p=2658"},"modified":"2024-06-16T10:29:57","modified_gmt":"2024-06-16T13:29:57","slug":"arrestaron-en-entre-rios-a-un-hombre-acusado-por-estafas-por-mas-de-100-millones","status":"publish","type":"post","link":"https:\/\/partediario.com.ar\/?p=2658","title":{"rendered":"Arrestaron en Entre R\u00edos a un hombre acusado por estafas por m\u00e1s de $100 millones"},"content":{"rendered":"\n<p><strong>El presunto estafador fue detenido por la Polic\u00eda de Entre R\u00edos ante las denuncias por reiteradas estafas en la compra de veh\u00edculos. Tambi\u00e9n tiene denuncias en Santa Fe.<\/strong><\/p>\n\n\n\n<p>Un hombre oriundo de Victoria, de 46 a\u00f1os, fue detenido por la Polic\u00eda de Entre R\u00edos ante reiteradas denuncias por estafas. El procedimiento policial fue realizado este s\u00e1bado por la tarde por efectivos de Comisar\u00eda General Campos.<\/p>\n\n\n\n<p><\/p>\n\n\n\n<figure class=\"wp-block-image size-full\"><img loading=\"lazy\" decoding=\"async\" width=\"790\" height=\"531\" src=\"https:\/\/partediario.com.ar\/wp-content\/uploads\/secuestro-camioneta-trailerjpeg-1.webp\" alt=\"\" class=\"wp-image-2661\" srcset=\"https:\/\/partediario.com.ar\/wp-content\/uploads\/secuestro-camioneta-trailerjpeg-1.webp 790w, https:\/\/partediario.com.ar\/wp-content\/uploads\/secuestro-camioneta-trailerjpeg-1-300x202.webp 300w, https:\/\/partediario.com.ar\/wp-content\/uploads\/secuestro-camioneta-trailerjpeg-1-768x516.webp 768w\" sizes=\"auto, (max-width: 790px) 100vw, 790px\" \/><\/figure>\n\n\n\n<p><\/p>\n\n\n\n<p>Los agentes policiales secuestraron adem\u00e1s una pick-up marca Ford Ranger, con acoplado marca Industrias ENA SRL, a requerimiento del Juzgado de Garant\u00edas de Victoria a cargo de Jos\u00e9 Callejas, en el marco de la causa por \u00abEstafas reiteradas y frustraci\u00f3n maliciosa de pago de cheques\u00bb.<\/p>\n\n\n\n<p>El estafador se encontraba en la localidad de General Campos ofreciendo para la venta la camioneta y el carro incautado, a los cuales los hab\u00eda adquirido con cheques sin fondos.<\/p>\n\n\n\n<p>Trascendi\u00f3 que habr\u00eda denuncias por otras estafas y defraudaciones cometidas en Victoria y Rosario, provincia de Santa Fe, por la suma de m\u00e1s de 100 millones de pesos.<\/p>\n\n\n\n<p>Por orden de la Agente Fiscal en turno, qued\u00f3 alojado en la Departamental San Salvador, a la espera de ser extraditado hacia la jurisdicci\u00f3n donde se lo investiga.<\/p>\n","protected":false},"excerpt":{"rendered":"<p>El presunto estafador fue detenido por la Polic&iacute;a de Entre R&iacute;os ante las denuncias por reiteradas estafas en la compra de veh&iacute;culos. Tambi&eacute;n tiene denuncias en Santa Fe. Un hombre oriundo de Victoria, de 46 a&ntilde;os, fue detenido por la Polic&iacute;a de Entre R&iacute;os ante reiteradas denuncias por estafas. El procedimiento policial fue realizado este [&hellip;]<\/p>\n","protected":false},"author":2,"featured_media":2662,"comment_status":"open","ping_status":"open","sticky":false,"template":"","format":"standard","meta":{"footnotes":""},"categories":[7,8],"tags":[436,257,437,438,379],"class_list":["post-2658","post","type-post","status-publish","format-standard","has-post-thumbnail","hentry","category-policiales","category-provinciales","tag-detenido","tag-entre-rios","tag-general-campos","tag-policiales","tag-victoria"],"_links":{"self":[{"href":"https:\/\/partediario.com.ar\/index.php?rest_route=\/wp\/v2\/posts\/2658","targetHints":{"allow":["GET"]}}],"collection":[{"href":"https:\/\/partediario.com.ar\/index.php?rest_route=\/wp\/v2\/posts"}],"about":[{"href":"https:\/\/partediario.com.ar\/index.php?rest_route=\/wp\/v2\/types\/post"}],"author":[{"embeddable":true,"href":"https:\/\/partediario.com.ar\/index.php?rest_route=\/wp\/v2\/users\/2"}],"replies":[{"embeddable":true,"href":"https:\/\/partediario.com.ar\/index.php?rest_route=%2Fwp%2Fv2%2Fcomments&post=2658"}],"version-history":[{"count":2,"href":"https:\/\/partediario.com.ar\/index.php?rest_route=\/wp\/v2\/posts\/2658\/revisions"}],"predecessor-version":[{"id":2663,"href":"https:\/\/partediario.com.ar\/index.php?rest_route=\/wp\/v2\/posts\/2658\/revisions\/2663"}],"wp:featuredmedia":[{"embeddable":true,"href":"https:\/\/partediario.com.ar\/index.php?rest_route=\/wp\/v2\/media\/2662"}],"wp:attachment":[{"href":"https:\/\/partediario.com.ar\/index.php?rest_route=%2Fwp%2Fv2%2Fmedia&parent=2658"}],"wp:term":[{"taxonomy":"category","embeddable":true,"href":"https:\/\/partediario.com.ar\/index.php?rest_route=%2Fwp%2Fv2%2Fcategories&post=2658"},{"taxonomy":"post_tag","embeddable":true,"href":"https:\/\/partediario.com.ar\/index.php?rest_route=%2Fwp%2Fv2%2Ftags&post=2658"}],"curies":[{"name":"wp","href":"https:\/\/api.w.org\/{rel}","templated":true}]}}