{"id":2670,"date":"2024-06-16T11:38:57","date_gmt":"2024-06-16T14:38:57","guid":{"rendered":"https:\/\/partediario.com.ar\/?p=2670"},"modified":"2024-06-16T11:38:58","modified_gmt":"2024-06-16T14:38:58","slug":"corrientes-buscan-intensamente-a-un-nino-de-5-anos-que-fue-a-recolectar-naranjas-y-no-volvio-hablo-el-hermano","status":"publish","type":"post","link":"https:\/\/partediario.com.ar\/?p=2670","title":{"rendered":"Corrientes: buscan intensamente a un ni\u00f1o de 5 a\u00f1os que fue a recolectar naranjas y no volvi\u00f3. Habl\u00f3 el hermano"},"content":{"rendered":"\n<p><strong>El ni\u00f1o fue visto por \u00faltima vez el jueves por la tarde tras salir de la casa de su abuela, ante la urgencia se emiti\u00f3 la Alerta Sof\u00eda para impulsar la b\u00fasqueda del menor.<\/strong><\/p>\n\n\n\n<p>Gran conmoci\u00f3n gener\u00f3 la desaparici\u00f3n del ni\u00f1o de 5 a\u00f1os, hace m\u00e1s de 24 horas en Algarrobal, un peque\u00f1o paraje de la localidad de 9 de Julio ubicado a pocos kil\u00f3metros de la capital provincial de Corrientes. Ante la urgencia de la b\u00fasqueda, durante la tarde de este viernes la Justicia emiti\u00f3 la Alerta Sof\u00eda para promover la b\u00fasqueda del menor.<\/p>\n\n\n\n<p>El jueves luego del almuerzo, Loan se fue de la casa de su abuela en b\u00fasqueda de naranjas y no volvi\u00f3 a ser visto. Leticia Risco, coordinadora del Sistema Federal de b\u00fasqueda de personas desaparecidas (Sifebu), se\u00f1al\u00f3: \u201cCon recursos provinciales se est\u00e1 buscando intensamente, si bien tambi\u00e9n est\u00e1n equipos de la gendarmer\u00eda y de prefectura en la zona, lo est\u00e1n buscando intensamente con perros, con drones, y caballos\u201d.<\/p>\n\n\n\n<p>Seg\u00fan explic\u00f3 Risco, el lugar donde desapareci\u00f3 Loan es una zona rural \u201csumamente extensa\u201d. Y describi\u00f3: \u201cEstamos hablando de campo abierto, que dificulta la b\u00fasqueda. Tenemos campos de pastos de un metro de altura y hay que tener en cuenta que el ni\u00f1o tiene unos 90 cent\u00edmetros de alto, es m\u00e1s chiquito que los pastizales, entonces el lugar de b\u00fasqueda es dif\u00edcil\u201d.<\/p>\n\n\n\n<p>Desde el Ministerio de Seguridad de la Naci\u00f3n se inform\u00f3 que \u201cLoan es un ni\u00f1o de tez trigue\u00f1a, delgado, con ojos marrones y cabello corto casta\u00f1o oscuro\u201d. \u201cAl momento de su desaparici\u00f3n, vest\u00eda una remera negra con letras rosadas que dec\u00edan \u2018Messi\u2019, un pantal\u00f3n largo negro y zapatillas verdes. El menor mide aproximadamente 80 cent\u00edmetros y tiene una cicatriz ubicada en el remolino de la cabeza\u201d, precisaron desde la cartera que conduce Patricia Bullrich y destacaron que cualquier informaci\u00f3n relevante puede ser comunicada a la l\u00ednea 134.<\/p>\n\n\n\n<p>Sobre la intensa b\u00fasqueda, la coordinadora del Sifebu indic\u00f3: \u201cNosotros estamos viajando ma\u00f1ana para hacernos presentes en el lugar y participar de lo que es la sala de situaci\u00f3n, lo que es el comando cooperativo de emergencias, junto con las autoridades provinciales, y un refuerzo porque, por supuesto que los equipos de la provincia est\u00e1n exhaustos, sobre todo los perros porque est\u00e1n trabajando intensamente hace m\u00e1s de 24 horas\u201d.<\/p>\n\n\n\n<p><\/p>\n\n\n\n<figure class=\"wp-block-image size-full\"><img loading=\"lazy\" decoding=\"async\" width=\"960\" height=\"640\" src=\"https:\/\/partediario.com.ar\/wp-content\/uploads\/847936-whatsapp-20image-202024-06-15-20at-2020-32-22.jpeg\" alt=\"\" class=\"wp-image-2672\" srcset=\"https:\/\/partediario.com.ar\/wp-content\/uploads\/847936-whatsapp-20image-202024-06-15-20at-2020-32-22.jpeg 960w, https:\/\/partediario.com.ar\/wp-content\/uploads\/847936-whatsapp-20image-202024-06-15-20at-2020-32-22-300x200.jpeg 300w, https:\/\/partediario.com.ar\/wp-content\/uploads\/847936-whatsapp-20image-202024-06-15-20at-2020-32-22-768x512.jpeg 768w\" sizes=\"auto, (max-width: 960px) 100vw, 960px\" \/><\/figure>\n\n\n\n<p>Y agreg\u00f3: \u201cPararon por supuesto, pero los perros se cansan, entonces estamos yendo con recursos federales de b\u00fasqueda y con colaboraci\u00f3n tambi\u00e9n de recursos de organismos como bomberos del Comando Unificado de Bomberos Voluntarios de la Rep\u00fablica Argentina, entre otros\u201d.<\/p>\n\n\n\n<p><\/p>\n\n\n\n<figure class=\"wp-block-image size-large\"><img loading=\"lazy\" decoding=\"async\" width=\"1024\" height=\"768\" src=\"https:\/\/partediario.com.ar\/wp-content\/uploads\/u3YIDRAWb_2000x1500__1-1024x768.jpg\" alt=\"\" class=\"wp-image-2671\" srcset=\"https:\/\/partediario.com.ar\/wp-content\/uploads\/u3YIDRAWb_2000x1500__1-1024x768.jpg 1024w, https:\/\/partediario.com.ar\/wp-content\/uploads\/u3YIDRAWb_2000x1500__1-300x225.jpg 300w, https:\/\/partediario.com.ar\/wp-content\/uploads\/u3YIDRAWb_2000x1500__1-768x576.jpg 768w, https:\/\/partediario.com.ar\/wp-content\/uploads\/u3YIDRAWb_2000x1500__1-1536x1152.jpg 1536w, https:\/\/partediario.com.ar\/wp-content\/uploads\/u3YIDRAWb_2000x1500__1.jpg 2000w\" sizes=\"auto, (max-width: 1024px) 100vw, 1024px\" \/><\/figure>\n\n\n\n<p><\/p>\n\n\n\n<p><strong>Que dijo el hermano de Loan<\/strong><\/p>\n\n\n\n<p>\u201cVeremos por d\u00f3nde nos gu\u00edan los perros para encontrarlo. Va a estar todo bien. Si o si tenemos que tener alguna novedad durante la jornada de hoy\u201d, se\u00f1al\u00f3 el hermano de Loan<\/p>\n\n\n\n<p>Y a\u00f1adi\u00f3: \u201cNo s\u00e9 si dieron datos o algo al respecto. Tengo que ir al pueblo ahora. Ya es hora de que sepamos algo, que tengamos alguna noticia sobre mi hermano\u201d.<\/p>\n\n\n\n<p>Mariano, esperanzado con encontrar al peque\u00f1o, dijo: \u201cNo descartamos nada, pero yo creo que est\u00e1 sano y salvo. Mi hermanito es muy fuerte\u201d.<\/p>\n","protected":false},"excerpt":{"rendered":"<p>El ni&ntilde;o fue visto por &uacute;ltima vez el jueves por la tarde tras salir de la casa de su abuela, ante la urgencia se emiti&oacute; la Alerta Sof&iacute;a para impulsar la b&uacute;squeda del menor. Gran conmoci&oacute;n gener&oacute; la desaparici&oacute;n del ni&ntilde;o de 5 a&ntilde;os, hace m&aacute;s de 24 horas en Algarrobal, un peque&ntilde;o paraje de [&hellip;]<\/p>\n","protected":false},"author":2,"featured_media":2673,"comment_status":"open","ping_status":"open","sticky":false,"template":"","format":"standard","meta":{"footnotes":""},"categories":[5,7],"tags":[385,449,448,450,452,451],"class_list":["post-2670","post","type-post","status-publish","format-standard","has-post-thumbnail","hentry","category-nacionales","category-policiales","tag-alerta","tag-busqueda","tag-corrientes","tag-loan","tag-sifebu","tag-sofia"],"_links":{"self":[{"href":"https:\/\/partediario.com.ar\/index.php?rest_route=\/wp\/v2\/posts\/2670","targetHints":{"allow":["GET"]}}],"collection":[{"href":"https:\/\/partediario.com.ar\/index.php?rest_route=\/wp\/v2\/posts"}],"about":[{"href":"https:\/\/partediario.com.ar\/index.php?rest_route=\/wp\/v2\/types\/post"}],"author":[{"embeddable":true,"href":"https:\/\/partediario.com.ar\/index.php?rest_route=\/wp\/v2\/users\/2"}],"replies":[{"embeddable":true,"href":"https:\/\/partediario.com.ar\/index.php?rest_route=%2Fwp%2Fv2%2Fcomments&post=2670"}],"version-history":[{"count":1,"href":"https:\/\/partediario.com.ar\/index.php?rest_route=\/wp\/v2\/posts\/2670\/revisions"}],"predecessor-version":[{"id":2674,"href":"https:\/\/partediario.com.ar\/index.php?rest_route=\/wp\/v2\/posts\/2670\/revisions\/2674"}],"wp:featuredmedia":[{"embeddable":true,"href":"https:\/\/partediario.com.ar\/index.php?rest_route=\/wp\/v2\/media\/2673"}],"wp:attachment":[{"href":"https:\/\/partediario.com.ar\/index.php?rest_route=%2Fwp%2Fv2%2Fmedia&parent=2670"}],"wp:term":[{"taxonomy":"category","embeddable":true,"href":"https:\/\/partediario.com.ar\/index.php?rest_route=%2Fwp%2Fv2%2Fcategories&post=2670"},{"taxonomy":"post_tag","embeddable":true,"href":"https:\/\/partediario.com.ar\/index.php?rest_route=%2Fwp%2Fv2%2Ftags&post=2670"}],"curies":[{"name":"wp","href":"https:\/\/api.w.org\/{rel}","templated":true}]}}