{"id":2675,"date":"2024-06-16T11:47:33","date_gmt":"2024-06-16T14:47:33","guid":{"rendered":"https:\/\/partediario.com.ar\/?p=2675"},"modified":"2024-06-16T11:47:34","modified_gmt":"2024-06-16T14:47:34","slug":"con-un-festival-popular-en-bajada-grande-continua-la-celebracion-del-cumpleanos-211-de-la-ciudad-de-parana","status":"publish","type":"post","link":"https:\/\/partediario.com.ar\/?p=2675","title":{"rendered":"Con un festival popular en Bajada Grande contin\u00faa la celebraci\u00f3n del cumplea\u00f1os 211 de la ciudad de Paran\u00e1"},"content":{"rendered":"\n<p><strong>En la zona de los Miradores hubo espect\u00e1culos musicales, una variada oferta gastron\u00f3mica y emprendedores de la zona. \u201cAc\u00e1 naci\u00f3 Paran\u00e1, en un poblado que se empez\u00f3 a construir desde ac\u00e1 hacia arriba. El barrio tiene esa pertenencia\u201d, describi\u00f3 la intendenta Rosario Romero junto al viceintendente David C\u00e1ceres.<\/strong><\/p>\n\n\n\n<p>Vecinos y vecinas de Bajada Grande y de distintos puntos de la ciudad disfrutaron de un festival popular en la zona de los Miradores, un barrio emblem\u00e1tico de la capital entrerriana.<\/p>\n\n\n\n<p>La propuesta, pensada para descentralizar los festejos por los 211 de la elevaci\u00f3n a Villa de Paran\u00e1 y de los 170 a\u00f1os de haber sido Capital de la Confederaci\u00f3n Argentina, reuni\u00f3 a cientos de personas que recorrieron el paseo ribere\u00f1o en el marco de una propuesta que incluy\u00f3 una variada oferta gastron\u00f3mica, emprendedores de la zona y espect\u00e1culos art\u00edsticos de primer nivel.<\/p>\n\n\n\n<p>\u201cBajada es un lugar especial de Paran\u00e1, porque ac\u00e1 naci\u00f3 la ciudad en un poblado que se empez\u00f3 a construir desde ac\u00e1 hacia arriba. El barrio tiene esa cosa de pertenencia; el que es habitante de Bajada dice con orgullo \u2018yo soy de Bajada\u2019 y quiere permanecer ac\u00e1\u201d, rese\u00f1\u00f3 la intendenta Rosario Romero.<\/p>\n\n\n\n<p><\/p>\n\n\n\n<figure class=\"wp-block-image size-large\"><img loading=\"lazy\" decoding=\"async\" width=\"1024\" height=\"683\" src=\"https:\/\/partediario.com.ar\/wp-content\/uploads\/1718511356_5a24fa54fe6264e78780-1024x683.jpg\" alt=\"\" class=\"wp-image-2677\" srcset=\"https:\/\/partediario.com.ar\/wp-content\/uploads\/1718511356_5a24fa54fe6264e78780-1024x683.jpg 1024w, https:\/\/partediario.com.ar\/wp-content\/uploads\/1718511356_5a24fa54fe6264e78780-300x200.jpg 300w, https:\/\/partediario.com.ar\/wp-content\/uploads\/1718511356_5a24fa54fe6264e78780-768x512.jpg 768w, https:\/\/partediario.com.ar\/wp-content\/uploads\/1718511356_5a24fa54fe6264e78780.jpg 1080w\" sizes=\"auto, (max-width: 1024px) 100vw, 1024px\" \/><\/figure>\n\n\n\n<p><\/p>\n\n\n\n<p>La presidenta municipal destac\u00f3 la obra para mejorar la zona de los Miradores, con el trabajo de personal municipal y del responsable de la Unidad Municipal.<\/p>\n\n\n\n<p>A su turno, el viceintendente David C\u00e1ceres, sostuvo que esta propuesta contempla \u201cllegar a cada uno de los barrios y que cada vecino y vecina de la ciudad pueda celebrar los 211 a\u00f1os de la ciudad. En este mes Paran\u00e1 est\u00e1 contando su rica historia y queremos celebrar con todos los paranaenses\u201d.<\/p>\n\n\n\n<p><\/p>\n\n\n\n<figure class=\"wp-block-image size-large\"><img loading=\"lazy\" decoding=\"async\" width=\"1024\" height=\"683\" src=\"https:\/\/partediario.com.ar\/wp-content\/uploads\/1718511333_731353319443cfbbb495-1024x683.jpg\" alt=\"\" class=\"wp-image-2676\" srcset=\"https:\/\/partediario.com.ar\/wp-content\/uploads\/1718511333_731353319443cfbbb495-1024x683.jpg 1024w, https:\/\/partediario.com.ar\/wp-content\/uploads\/1718511333_731353319443cfbbb495-300x200.jpg 300w, https:\/\/partediario.com.ar\/wp-content\/uploads\/1718511333_731353319443cfbbb495-768x512.jpg 768w, https:\/\/partediario.com.ar\/wp-content\/uploads\/1718511333_731353319443cfbbb495.jpg 1080w\" sizes=\"auto, (max-width: 1024px) 100vw, 1024px\" \/><\/figure>\n\n\n\n<p><\/p>\n\n\n\n<p><strong>El agradecimiento de los vecinos<\/strong><\/p>\n\n\n\n<p>Ver\u00f3nica, del grupo de la tercera edad de folclore de Bajada Grande, expres\u00f3 su agradecimiento por incluir al barrio en la agenda de festejos. \u201cMe encanta, creo que los barrios necesitamos y nos merecemos esto\u201d, asegur\u00f3.<\/p>\n\n\n\n<p>La jefa del Grupo de Exploradores Inmaculado Coraz\u00f3n de Mar\u00eda de Bajada Grande, Adriana Gonz\u00e1lez, destac\u00f3 el festival barrial. \u201cEs una emoci\u00f3n muy grande, porque es hablar de los inicios de Paran\u00e1 y para nosotros es muy movilizante\u201d, manifest\u00f3.<\/p>\n\n\n\n<p>Susana Araga\u00f1araz, directora del Jard\u00edn \u201cPatito Sirir\u00ed\u201d, de Bajada Grande, se refiri\u00f3 a la muestra para recrear la historia de esa instituci\u00f3n educativa. \u201cTenemos los delantales que hemos usado desde los inicios del jard\u00edn, que tiene 37 a\u00f1os. Por nuestro jard\u00edn han pasado abuelos, pap\u00e1s y luego siguieron los nietos\u201d, indic\u00f3.<\/p>\n\n\n\n<p>Estuvieron presentes la secretaria de Educaci\u00f3n, Cultura y Convivencia Ciudadana, Nadia Bilat; el secretario Legal y Administrativo, Pablo Testa; el concejal, Enrique R\u00edos; la diputada provincial, Stefan\u00eda Cora, y funcionarios de distintas \u00e1reas municipales.<\/p>\n\n\n\n<p><a href=\"https:\/\/docs.google.com\/document\/d\/1rMYZluwxPawb-28Zr9j3RIo4g7Zm-sOD\/edit#heading=h.dl96evraahux\">Consult\u00e1 la agenda completa aqu\u00ed<\/a><\/p>\n","protected":false},"excerpt":{"rendered":"<p>En la zona de los Miradores hubo espect&aacute;culos musicales, una variada oferta gastron&oacute;mica y emprendedores de la zona. &ldquo;Ac&aacute; naci&oacute; Paran&aacute;, en un poblado que se empez&oacute; a construir desde ac&aacute; hacia arriba. El barrio tiene esa pertenencia&rdquo;, describi&oacute; la intendenta Rosario Romero junto al viceintendente David C&aacute;ceres. Vecinos y vecinas de Bajada Grande y [&hellip;]<\/p>\n","protected":false},"author":2,"featured_media":2678,"comment_status":"open","ping_status":"open","sticky":false,"template":"","format":"standard","meta":{"footnotes":""},"categories":[6],"tags":[454,453,257,455,265,242],"class_list":["post-2675","post","type-post","status-publish","format-standard","has-post-thumbnail","hentry","category-locales","tag-bajada-grande","tag-david-caceres","tag-entre-rios","tag-festival","tag-parana","tag-rosario-romero"],"_links":{"self":[{"href":"https:\/\/partediario.com.ar\/index.php?rest_route=\/wp\/v2\/posts\/2675","targetHints":{"allow":["GET"]}}],"collection":[{"href":"https:\/\/partediario.com.ar\/index.php?rest_route=\/wp\/v2\/posts"}],"about":[{"href":"https:\/\/partediario.com.ar\/index.php?rest_route=\/wp\/v2\/types\/post"}],"author":[{"embeddable":true,"href":"https:\/\/partediario.com.ar\/index.php?rest_route=\/wp\/v2\/users\/2"}],"replies":[{"embeddable":true,"href":"https:\/\/partediario.com.ar\/index.php?rest_route=%2Fwp%2Fv2%2Fcomments&post=2675"}],"version-history":[{"count":1,"href":"https:\/\/partediario.com.ar\/index.php?rest_route=\/wp\/v2\/posts\/2675\/revisions"}],"predecessor-version":[{"id":2679,"href":"https:\/\/partediario.com.ar\/index.php?rest_route=\/wp\/v2\/posts\/2675\/revisions\/2679"}],"wp:featuredmedia":[{"embeddable":true,"href":"https:\/\/partediario.com.ar\/index.php?rest_route=\/wp\/v2\/media\/2678"}],"wp:attachment":[{"href":"https:\/\/partediario.com.ar\/index.php?rest_route=%2Fwp%2Fv2%2Fmedia&parent=2675"}],"wp:term":[{"taxonomy":"category","embeddable":true,"href":"https:\/\/partediario.com.ar\/index.php?rest_route=%2Fwp%2Fv2%2Fcategories&post=2675"},{"taxonomy":"post_tag","embeddable":true,"href":"https:\/\/partediario.com.ar\/index.php?rest_route=%2Fwp%2Fv2%2Ftags&post=2675"}],"curies":[{"name":"wp","href":"https:\/\/api.w.org\/{rel}","templated":true}]}}