{"id":2691,"date":"2024-06-16T20:59:58","date_gmt":"2024-06-16T23:59:58","guid":{"rendered":"https:\/\/partediario.com.ar\/?p=2691"},"modified":"2024-06-16T21:00:00","modified_gmt":"2024-06-17T00:00:00","slug":"desaparicion-de-loan-vecinos-marcharon-para-exigir-avances-en-la-busqueda","status":"publish","type":"post","link":"https:\/\/partediario.com.ar\/?p=2691","title":{"rendered":"Desaparici\u00f3n de Loan: vecinos marcharon para exigir avances en la b\u00fasqueda"},"content":{"rendered":"\n<p><strong>El intendente de 9 de julio, Sebasti\u00e1n Insaurralde asegur\u00f3 que la fuerza cuenta con datos precisos y que en la pr\u00f3ximas habr\u00e1 novedades. Por la desaparici\u00f3n se encuentran detenidos un t\u00edo del nene y una pareja amiga.<\/strong><\/p>\n\n\n\n<p>Este domingo familiares y amigos de Loan Danilo Pe\u00f1a llevaron a cabo una movilizaci\u00f3n a la comisar\u00eda de 9 de julio donde est\u00e1n demorados los sospechosos para reclamar por avances en la b\u00fasqueda.<\/p>\n\n\n\n<p>Loan Danilo Pe\u00f1a, desapareci\u00f3 el jueves a la siesta en un monte cercano a la casa de su abuela ubicada en Paraje Algarrolbal a unos 7 kil\u00f3metros de 9 de Julio, tras ir a buscar naranjas, y fue como si se lo hubiera \u00abtragado la tierra\u00bb.<\/p>\n\n\n\n<p>El intendente de 9 de julio, Sebasti\u00e1n Insaurralde, acompa\u00f1\u00f3 a los vecinos en la marcha que parti\u00f3 desde la plaza central del pueblo.<\/p>\n\n\n\n<p>En la movilizaci\u00f3n, Insaurralde se\u00f1al\u00f3 que \u00abla fuerza federal est\u00e1 haciendo un trabajo de hormiga\u00bb. Y agreg\u00f3 que es importante \u00abno entorpecer la labor que est\u00e1n haciendo\u00bb<\/p>\n\n\n\n<p>\u00abLa fuerza tiene datos precisos y vamos a tener novedades en la pr\u00f3ximas horas\u00bb confirm\u00f3 Sebasti\u00e1n Insaurralde a los medios locales.<\/p>\n\n\n\n<p><\/p>\n\n\n\n<figure class=\"wp-block-image size-full\"><img loading=\"lazy\" decoding=\"async\" width=\"770\" height=\"440\" src=\"https:\/\/partediario.com.ar\/wp-content\/uploads\/2RH4Q6W4OZCQPGS2NXNHRT6STQ.webp\" alt=\"\" class=\"wp-image-2692\" srcset=\"https:\/\/partediario.com.ar\/wp-content\/uploads\/2RH4Q6W4OZCQPGS2NXNHRT6STQ.webp 770w, https:\/\/partediario.com.ar\/wp-content\/uploads\/2RH4Q6W4OZCQPGS2NXNHRT6STQ-300x171.webp 300w, https:\/\/partediario.com.ar\/wp-content\/uploads\/2RH4Q6W4OZCQPGS2NXNHRT6STQ-768x439.webp 768w\" sizes=\"auto, (max-width: 770px) 100vw, 770px\" \/><\/figure>\n\n\n\n<p><\/p>\n\n\n\n<p>Mientras tanto, la zona de b\u00fasqueda del nene de cinco a\u00f1os se extendi\u00f3 a partir de este domingo y durante las primeras horas de la ma\u00f1ana se rastrill\u00f3 tambi\u00e9n distintos puntos de 9 de julio.<\/p>\n\n\n\n<p>Varios procedimientos se est\u00e1n realizando en las inmediaciones de la Ruta Nacional N\u00b0123, donde a los 300 efectivos de la Polic\u00eda de Corrientes, el COE y los Bomberos, se sumaron efectivos del Ejercito Argentino, Gendarmer\u00eda Nacional y la Polic\u00eda Federal Argentina.<\/p>\n\n\n\n<p>Todos ellos con su grupo de canes trabajan en b\u00fasqueda y las tareas de rastrillajes para dar con el paradero del ni\u00f1o desaparecido.<\/p>\n\n\n\n<p>Por la desaparici\u00f3n se encuentran detenidos un t\u00edo del nene y una pareja amiga.<\/p>\n\n\n\n<p>La fiscal\u00eda que investiga la desaparici\u00f3n de Loan, orden\u00f3 allanar las casas de las tres personas que siguen demoradas por haber sido los \u00faltimos que vieron al nene de cinco a\u00f1os antes de que desapareciera.<\/p>\n\n\n\n<p>Se trata de un t\u00edo, Danilo Pe\u00f1a, y una pareja amiga que estaban comiendo en una casa cercana a donde estaba jugando el nene, pero que no sol\u00edan frecuentar la casa de la abuela del nene, el lugar en el que sus familiares lo vieron por \u00faltima vez antes de que saliera con sus primos a buscar naranjas.<\/p>\n\n\n\n<p>El periodista local Daniel Bruno confirm\u00f3 que los resultados de los allanamientos ordenados por la fiscal\u00eda dieron negativo. Es decir, que en los procedimientos no encontraron material relevante para la causa.<\/p>\n\n\n\n<p>A pesar que en las tres casas no se encontraron pistas que sean de inter\u00e9s con la b\u00fasqueda, los tres sospechosos continuar\u00e1n demorados mientras la car\u00e1tula del caso sigue siendo \u201caveriguaci\u00f3n de paradero\u201d.<\/p>\n\n\n\n<p>Ahora resta que se lleven a cabo las pericias sobre el veh\u00edculo en el que se movilizaban estas tres personas. Se trata de un Volskwagen Voyage de color gris que est\u00e1 retenido en la comisar\u00eda de la localidad de 9 de julio.<\/p>\n\n\n\n<p>Pese al hermetismo que hay para brindar detalles sobre la investigaci\u00f3n, la decisi\u00f3n de la fiscal\u00eda de allanar las casas de las personas demoradas indicar\u00eda que hay una sospecha sobre los tres involucrados.<\/p>\n","protected":false},"excerpt":{"rendered":"<p>El intendente de 9 de julio, Sebasti&aacute;n Insaurralde asegur&oacute; que la fuerza cuenta con datos precisos y que en la pr&oacute;ximas habr&aacute; novedades. Por la desaparici&oacute;n se encuentran detenidos un t&iacute;o del nene y una pareja amiga. Este domingo familiares y amigos de Loan Danilo Pe&ntilde;a llevaron a cabo una movilizaci&oacute;n a la comisar&iacute;a de [&hellip;]<\/p>\n","protected":false},"author":2,"featured_media":2693,"comment_status":"open","ping_status":"open","sticky":false,"template":"","format":"standard","meta":{"footnotes":""},"categories":[7,8],"tags":[448,464,465,450],"class_list":["post-2691","post","type-post","status-publish","format-standard","has-post-thumbnail","hentry","category-policiales","category-provinciales","tag-corrientes","tag-desaparicion","tag-detenidos","tag-loan"],"_links":{"self":[{"href":"https:\/\/partediario.com.ar\/index.php?rest_route=\/wp\/v2\/posts\/2691","targetHints":{"allow":["GET"]}}],"collection":[{"href":"https:\/\/partediario.com.ar\/index.php?rest_route=\/wp\/v2\/posts"}],"about":[{"href":"https:\/\/partediario.com.ar\/index.php?rest_route=\/wp\/v2\/types\/post"}],"author":[{"embeddable":true,"href":"https:\/\/partediario.com.ar\/index.php?rest_route=\/wp\/v2\/users\/2"}],"replies":[{"embeddable":true,"href":"https:\/\/partediario.com.ar\/index.php?rest_route=%2Fwp%2Fv2%2Fcomments&post=2691"}],"version-history":[{"count":1,"href":"https:\/\/partediario.com.ar\/index.php?rest_route=\/wp\/v2\/posts\/2691\/revisions"}],"predecessor-version":[{"id":2694,"href":"https:\/\/partediario.com.ar\/index.php?rest_route=\/wp\/v2\/posts\/2691\/revisions\/2694"}],"wp:featuredmedia":[{"embeddable":true,"href":"https:\/\/partediario.com.ar\/index.php?rest_route=\/wp\/v2\/media\/2693"}],"wp:attachment":[{"href":"https:\/\/partediario.com.ar\/index.php?rest_route=%2Fwp%2Fv2%2Fmedia&parent=2691"}],"wp:term":[{"taxonomy":"category","embeddable":true,"href":"https:\/\/partediario.com.ar\/index.php?rest_route=%2Fwp%2Fv2%2Fcategories&post=2691"},{"taxonomy":"post_tag","embeddable":true,"href":"https:\/\/partediario.com.ar\/index.php?rest_route=%2Fwp%2Fv2%2Ftags&post=2691"}],"curies":[{"name":"wp","href":"https:\/\/api.w.org\/{rel}","templated":true}]}}