{"id":2719,"date":"2024-06-17T09:50:28","date_gmt":"2024-06-17T12:50:28","guid":{"rendered":"https:\/\/partediario.com.ar\/?p=2719"},"modified":"2024-06-17T09:50:29","modified_gmt":"2024-06-17T12:50:29","slug":"operativo-anti-drogas-en-santa-elena-el-ministro-roncaglia-destaco-el-operativo-en-santa-elena-y-la-detencion-de-la-abogada","status":"publish","type":"post","link":"https:\/\/partediario.com.ar\/?p=2719","title":{"rendered":"Operativo anti drogas en Santa Elena: el ministro Roncaglia destac\u00f3 el operativo en Santa Elena y la detenci\u00f3n de la abogada"},"content":{"rendered":"\n<p><strong>El ministro de Seguridad de Entre R\u00edos, N\u00e9stor Roncaglia, ponder\u00f3 el operativo antidrogas en Santa Elena. Entre los arrestados se encuentra la abogada Aixa Schnitman, de 28 a\u00f1os.<\/strong><\/p>\n\n\n\n<p>\u00abAllanamientos en Santa Elena, la Polic\u00eda de Entre R\u00edos, en conjunto con la Prefectura Naval, entre los secuestros y las personas arrestadas, hay una abogada de 28 a\u00f1os detenida por tener en su domicilio m\u00e1s de 1 kilo de coca\u00edna, 6.000.000 de pesos, dosis de LSD, marihuana\u00bb, poste\u00f3 en su cuanta de Instangram el ministro Roncaglia.<\/p>\n\n\n\n<p>El operativo fue ejecutado por la Prefectura Naval Argentina (PNA) en colaboraci\u00f3n con la Polic\u00eda de Entre R\u00edos (PER), y fue un duro golpe al tr\u00e1fico de drogas en la regi\u00f3n. De acuerdo a la informaci\u00f3n de fuentes oficiales, los allanamientos simult\u00e1neos resultaron en el secuestro de diversas sustancias ilegales y 6 millones de pesos en efectivo, evidenciando una red criminal activa en la localidad.<\/p>\n\n\n\n<p>El ministro Roncaglia manifest\u00f3 su satisfacci\u00f3n por los resultados obtenidos, y subray\u00f3 el compromiso del gobierno en la lucha contra el narcotr\u00e1fico y destac\u00f3 adem\u00e1s la importancia de estas acciones coordinadas entre distintas fuerzas de seguridad para combatir el crimen organizado en el pa\u00eds.<\/p>\n\n\n\n<p><\/p>\n\n\n\n<figure class=\"wp-block-image size-full\"><img loading=\"lazy\" decoding=\"async\" width=\"790\" height=\"444\" src=\"https:\/\/partediario.com.ar\/wp-content\/uploads\/whatsapp-image-2024-06-15-at-183247jpeg-1.webp\" alt=\"\" class=\"wp-image-2721\" srcset=\"https:\/\/partediario.com.ar\/wp-content\/uploads\/whatsapp-image-2024-06-15-at-183247jpeg-1.webp 790w, https:\/\/partediario.com.ar\/wp-content\/uploads\/whatsapp-image-2024-06-15-at-183247jpeg-1-300x169.webp 300w, https:\/\/partediario.com.ar\/wp-content\/uploads\/whatsapp-image-2024-06-15-at-183247jpeg-1-768x432.webp 768w\" sizes=\"auto, (max-width: 790px) 100vw, 790px\" \/><\/figure>\n\n\n\n<p><\/p>\n\n\n\n<p>El comunicado de la Municipalidad de Santa Elena, ante la detenci\u00f3n de la abogada Schnitman<\/p>\n\n\n\n<p>\u00abEl Municipio de Santa Elena informa que Aixa Schnitman no es funcionaria municipal, no es de planta permanente, ni tampoco contratada municipal. Por lo tanto, no est\u00e1 designada por ning\u00fan medio que sea relacionado al municipio. Dicha persona, ha realizado trabajos espor\u00e1dicos, de manera independiente, para el \u00c1rea de la Mujer. Con lo cual, no tiene ninguna relaci\u00f3n de dependencia con la Municipalidad de Santa Elena\u00bb.<\/p>\n\n\n\n<p>Finalmente, se ponder\u00f3 \u00abel trabajo de todas las fuerzas de seguridad. El Municipio de Santa Elena trabaja constantemente con las fuerzas locales y provinciales para el bienestar de la comunidad\u00bb.<\/p>\n\n\n\n<p><\/p>\n\n\n\n<figure class=\"wp-block-image size-large\"><img loading=\"lazy\" decoding=\"async\" width=\"632\" height=\"1024\" src=\"https:\/\/partediario.com.ar\/wp-content\/uploads\/COmunicado-632x1024.jpeg\" alt=\"\" class=\"wp-image-2720\" srcset=\"https:\/\/partediario.com.ar\/wp-content\/uploads\/COmunicado-632x1024.jpeg 632w, https:\/\/partediario.com.ar\/wp-content\/uploads\/COmunicado-185x300.jpeg 185w, https:\/\/partediario.com.ar\/wp-content\/uploads\/COmunicado-768x1244.jpeg 768w, https:\/\/partediario.com.ar\/wp-content\/uploads\/COmunicado.jpeg 790w\" sizes=\"auto, (max-width: 632px) 100vw, 632px\" \/><\/figure>\n\n\n\n<p><\/p>\n\n\n\n<p>El operativo result\u00f3 en la detenci\u00f3n de seis personas, cuatro mujeres de 28, 54, 47 y 48 a\u00f1os de edad, y dos hombres de 53 y 43 a\u00f1os de edad. En dichos procedimientos se obtuvo resultado positivo al lograr el secuestro de los siguientes elementos.<\/p>\n\n\n\n<p><strong>El material incautado:<\/strong><\/p>\n\n\n\n<p>\u2013 25 envoltorios de nylon conteniendo clorhidrato de coca\u00edna.<br>\u2013 5 envoltorios de nylon conteniendo marihuana, con un peso de 44 gramos.<br>\u2013 26 dosis de LSD.<br>\u2013 Dinero en efectivo: $7.800.000 pesos y $456,00 d\u00f3lares.<br>\u2013 Tel\u00e9fonos m\u00f3viles.<br>\u2013 1 notebook..<br>\u2013 1 DVR.<br>\u2013 5 balanzas.<br>\u2013 1 m\u00e1quina contadora de billetes.<br>\u2013 1 tijera.<br>\u2013 Recortes varios y hojillas de papel.<br>\u2013 Elementos de corte.<br>\u2013 Soportes magn\u00e9ticos (tarjetas de cr\u00e9dito y d\u00e9bito).<br>\u2013 1 motoveh\u00edculo marca Corven 110cc.<br>\u2013 1 motoveh\u00edculo marca Corven 150cc.<br>\u2013 1 veh\u00edculo marca Fiat, modelo Siena.<\/p>\n","protected":false},"excerpt":{"rendered":"<p>El ministro de Seguridad de Entre R&iacute;os, N&eacute;stor Roncaglia, ponder&oacute; el operativo antidrogas en Santa Elena. Entre los arrestados se encuentra la abogada Aixa Schnitman, de 28 a&ntilde;os. &laquo;Allanamientos en Santa Elena, la Polic&iacute;a de Entre R&iacute;os, en conjunto con la Prefectura Naval, entre los secuestros y las personas arrestadas, hay una abogada de 28 [&hellip;]<\/p>\n","protected":false},"author":2,"featured_media":2722,"comment_status":"open","ping_status":"open","sticky":false,"template":"","format":"standard","meta":{"footnotes":""},"categories":[7,8],"tags":[487,439,463,257,210,486,207],"class_list":["post-2719","post","type-post","status-publish","format-standard","has-post-thumbnail","hentry","category-policiales","category-provinciales","tag-aixa-schitman","tag-allanamiento","tag-drogas","tag-entre-rios","tag-municipalidad","tag-nestor-roncaglia-2","tag-santa-elena"],"_links":{"self":[{"href":"https:\/\/partediario.com.ar\/index.php?rest_route=\/wp\/v2\/posts\/2719","targetHints":{"allow":["GET"]}}],"collection":[{"href":"https:\/\/partediario.com.ar\/index.php?rest_route=\/wp\/v2\/posts"}],"about":[{"href":"https:\/\/partediario.com.ar\/index.php?rest_route=\/wp\/v2\/types\/post"}],"author":[{"embeddable":true,"href":"https:\/\/partediario.com.ar\/index.php?rest_route=\/wp\/v2\/users\/2"}],"replies":[{"embeddable":true,"href":"https:\/\/partediario.com.ar\/index.php?rest_route=%2Fwp%2Fv2%2Fcomments&post=2719"}],"version-history":[{"count":1,"href":"https:\/\/partediario.com.ar\/index.php?rest_route=\/wp\/v2\/posts\/2719\/revisions"}],"predecessor-version":[{"id":2723,"href":"https:\/\/partediario.com.ar\/index.php?rest_route=\/wp\/v2\/posts\/2719\/revisions\/2723"}],"wp:featuredmedia":[{"embeddable":true,"href":"https:\/\/partediario.com.ar\/index.php?rest_route=\/wp\/v2\/media\/2722"}],"wp:attachment":[{"href":"https:\/\/partediario.com.ar\/index.php?rest_route=%2Fwp%2Fv2%2Fmedia&parent=2719"}],"wp:term":[{"taxonomy":"category","embeddable":true,"href":"https:\/\/partediario.com.ar\/index.php?rest_route=%2Fwp%2Fv2%2Fcategories&post=2719"},{"taxonomy":"post_tag","embeddable":true,"href":"https:\/\/partediario.com.ar\/index.php?rest_route=%2Fwp%2Fv2%2Ftags&post=2719"}],"curies":[{"name":"wp","href":"https:\/\/api.w.org\/{rel}","templated":true}]}}