{"id":2724,"date":"2024-06-17T10:00:28","date_gmt":"2024-06-17T13:00:28","guid":{"rendered":"https:\/\/partediario.com.ar\/?p=2724"},"modified":"2024-06-17T10:00:29","modified_gmt":"2024-06-17T13:00:29","slug":"se-detectaron-pistas-del-nino-correntino-desaparecido-y-se-incrementa-la-busqueda","status":"publish","type":"post","link":"https:\/\/partediario.com.ar\/?p=2724","title":{"rendered":"Se detectaron pistas del ni\u00f1o correntino desaparecido y se incrementa la b\u00fasqueda"},"content":{"rendered":"\n<p><strong>Loan Danilo Pe\u00f1a, de 5 a\u00f1os, est\u00e1 desaparecido desde la tarde del jueves 13 de junio en la provincia de Corrientes. Aparecieron nuevas pistas, que generaron nuevas l\u00edneas de b\u00fasqueda de las autoridades.<\/strong><\/p>\n\n\n\n<p>Tras detectar nuevas pistas se dispuso ampliar el radio de b\u00fasqueda del ni\u00f1o de 5 a\u00f1os desaparecido el jueves pasado en el Paraje Algarrolbal, a unos 7 kil\u00f3metros de 9 de Julio, en la provincia de Corrientes.<\/p>\n\n\n\n<p>Durante el rastrillaje del d\u00eda domingo se hallaron huellas y v\u00f3mito en una zona conocida como Estancia Las Lagunas, que queda cruzando la Ruta Nacional N\u00b0123, seg\u00fan informaron fuentes policiales.<\/p>\n\n\n\n<p>Seg\u00fan las primeras averiguaciones, las huellas tendr\u00edan el tama\u00f1o de pies de una persona menor de edad.<\/p>\n\n\n\n<p>Adem\u00e1s encontraron materia fecal y v\u00f3mitos, que ser\u00edan relativamente recientes, de un tiempo no mayor a dos d\u00edas.<\/p>\n\n\n\n<p><\/p>\n\n\n\n<figure class=\"wp-block-image size-large\"><img loading=\"lazy\" decoding=\"async\" width=\"1024\" height=\"576\" src=\"https:\/\/partediario.com.ar\/wp-content\/uploads\/OAURWHRYPZBXRKNVNJ5CJ5VLGQ-1024x576.jpg\" alt=\"\" class=\"wp-image-2725\" srcset=\"https:\/\/partediario.com.ar\/wp-content\/uploads\/OAURWHRYPZBXRKNVNJ5CJ5VLGQ-1024x576.jpg 1024w, https:\/\/partediario.com.ar\/wp-content\/uploads\/OAURWHRYPZBXRKNVNJ5CJ5VLGQ-300x169.jpg 300w, https:\/\/partediario.com.ar\/wp-content\/uploads\/OAURWHRYPZBXRKNVNJ5CJ5VLGQ-768x432.jpg 768w, https:\/\/partediario.com.ar\/wp-content\/uploads\/OAURWHRYPZBXRKNVNJ5CJ5VLGQ.jpg 1440w\" sizes=\"auto, (max-width: 1024px) 100vw, 1024px\" \/><\/figure>\n\n\n\n<p><\/p>\n\n\n\n<p>Cabe se\u00f1alar que en las \u00faltimas horas adem\u00e1s se sumaron a la b\u00fasqueda el Ej\u00e9rcito, la Gendarmer\u00eda y la Polic\u00eda Federal, que hasta el s\u00e1bado se encontraban rastrillando el paraje Algarrobal, en la zona rural del municipio 9 de Julio.<\/p>\n\n\n\n<p>El jefe de Relaciones Institucionales de la Polic\u00eda de Corrientes, el comisario mayor Sergio Aguilar, precis\u00f3 que las recorridas por el mencionado sector rural siguieron hasta la medianoche del domingo.<\/p>\n","protected":false},"excerpt":{"rendered":"<p>Loan Danilo Pe&ntilde;a, de 5 a&ntilde;os, est&aacute; desaparecido desde la tarde del jueves 13 de junio en la provincia de Corrientes. Aparecieron nuevas pistas, que generaron nuevas l&iacute;neas de b&uacute;squeda de las autoridades. Tras detectar nuevas pistas se dispuso ampliar el radio de b&uacute;squeda del ni&ntilde;o de 5 a&ntilde;os desaparecido el jueves pasado en el [&hellip;]<\/p>\n","protected":false},"author":2,"featured_media":2726,"comment_status":"open","ping_status":"open","sticky":false,"template":"","format":"standard","meta":{"footnotes":""},"categories":[5,7],"tags":[448,464,488,489,490],"class_list":["post-2724","post","type-post","status-publish","format-standard","has-post-thumbnail","hentry","category-nacionales","category-policiales","tag-corrientes","tag-desaparicion","tag-huellas","tag-loan-danilo-pena","tag-vomitos"],"_links":{"self":[{"href":"https:\/\/partediario.com.ar\/index.php?rest_route=\/wp\/v2\/posts\/2724","targetHints":{"allow":["GET"]}}],"collection":[{"href":"https:\/\/partediario.com.ar\/index.php?rest_route=\/wp\/v2\/posts"}],"about":[{"href":"https:\/\/partediario.com.ar\/index.php?rest_route=\/wp\/v2\/types\/post"}],"author":[{"embeddable":true,"href":"https:\/\/partediario.com.ar\/index.php?rest_route=\/wp\/v2\/users\/2"}],"replies":[{"embeddable":true,"href":"https:\/\/partediario.com.ar\/index.php?rest_route=%2Fwp%2Fv2%2Fcomments&post=2724"}],"version-history":[{"count":1,"href":"https:\/\/partediario.com.ar\/index.php?rest_route=\/wp\/v2\/posts\/2724\/revisions"}],"predecessor-version":[{"id":2727,"href":"https:\/\/partediario.com.ar\/index.php?rest_route=\/wp\/v2\/posts\/2724\/revisions\/2727"}],"wp:featuredmedia":[{"embeddable":true,"href":"https:\/\/partediario.com.ar\/index.php?rest_route=\/wp\/v2\/media\/2726"}],"wp:attachment":[{"href":"https:\/\/partediario.com.ar\/index.php?rest_route=%2Fwp%2Fv2%2Fmedia&parent=2724"}],"wp:term":[{"taxonomy":"category","embeddable":true,"href":"https:\/\/partediario.com.ar\/index.php?rest_route=%2Fwp%2Fv2%2Fcategories&post=2724"},{"taxonomy":"post_tag","embeddable":true,"href":"https:\/\/partediario.com.ar\/index.php?rest_route=%2Fwp%2Fv2%2Ftags&post=2724"}],"curies":[{"name":"wp","href":"https:\/\/api.w.org\/{rel}","templated":true}]}}