{"id":2728,"date":"2024-06-17T10:33:14","date_gmt":"2024-06-17T13:33:14","guid":{"rendered":"https:\/\/partediario.com.ar\/?p=2728"},"modified":"2024-06-17T10:33:15","modified_gmt":"2024-06-17T13:33:15","slug":"parana-detuvieron-a-un-violento-sujeto-tras-agredir-a-personal-policial","status":"publish","type":"post","link":"https:\/\/partediario.com.ar\/?p=2728","title":{"rendered":"Paran\u00e1: detuvieron a un violento sujeto tras agredir a personal policial"},"content":{"rendered":"\n<p><strong>En horas de la madrugada, un hombre fue detenido luego de intentar golpear a efectivos policiales que le solicitaron la identificaci\u00f3n.<\/strong><\/p>\n\n\n\n<p>Siendo las 00:20 personal policial de Comisaria Segunda se encontraba de recorrida por calle Tejeiro Mart\u00ednez entre Santiago del Estero y Catamarca, al proceder a identificar a un hombre que se encontraba situado entre dos veh\u00edculos estacionados en la v\u00eda p\u00fablica, al ser consultado, se ofusco con el personal policial arrojando golpes de pu\u00f1o a los funcionarios sin llegar a lesionarlo, siendo inmediatamente reducido.<\/p>\n\n\n\n<p>En comunicaci\u00f3n con el fiscal en turno, dispone el traslado a alcaid\u00eda del sujeto de 31 a\u00f1os, por el delito de Resistencia a la autoridad.<\/p>\n","protected":false},"excerpt":{"rendered":"<p>En horas de la madrugada, un hombre fue detenido luego de intentar golpear a efectivos policiales que le solicitaron la identificaci&oacute;n. Siendo las 00:20 personal policial de Comisaria Segunda se encontraba de recorrida por calle Tejeiro Mart&iacute;nez entre Santiago del Estero y Catamarca, al proceder a identificar a un hombre que se encontraba situado entre [&hellip;]<\/p>\n","protected":false},"author":2,"featured_media":2729,"comment_status":"open","ping_status":"open","sticky":false,"template":"","format":"standard","meta":{"footnotes":""},"categories":[6,7],"tags":[436,481,265,438],"class_list":["post-2728","post","type-post","status-publish","format-standard","has-post-thumbnail","hentry","category-locales","category-policiales","tag-detenido","tag-hombre","tag-parana","tag-policiales"],"_links":{"self":[{"href":"https:\/\/partediario.com.ar\/index.php?rest_route=\/wp\/v2\/posts\/2728","targetHints":{"allow":["GET"]}}],"collection":[{"href":"https:\/\/partediario.com.ar\/index.php?rest_route=\/wp\/v2\/posts"}],"about":[{"href":"https:\/\/partediario.com.ar\/index.php?rest_route=\/wp\/v2\/types\/post"}],"author":[{"embeddable":true,"href":"https:\/\/partediario.com.ar\/index.php?rest_route=\/wp\/v2\/users\/2"}],"replies":[{"embeddable":true,"href":"https:\/\/partediario.com.ar\/index.php?rest_route=%2Fwp%2Fv2%2Fcomments&post=2728"}],"version-history":[{"count":1,"href":"https:\/\/partediario.com.ar\/index.php?rest_route=\/wp\/v2\/posts\/2728\/revisions"}],"predecessor-version":[{"id":2730,"href":"https:\/\/partediario.com.ar\/index.php?rest_route=\/wp\/v2\/posts\/2728\/revisions\/2730"}],"wp:featuredmedia":[{"embeddable":true,"href":"https:\/\/partediario.com.ar\/index.php?rest_route=\/wp\/v2\/media\/2729"}],"wp:attachment":[{"href":"https:\/\/partediario.com.ar\/index.php?rest_route=%2Fwp%2Fv2%2Fmedia&parent=2728"}],"wp:term":[{"taxonomy":"category","embeddable":true,"href":"https:\/\/partediario.com.ar\/index.php?rest_route=%2Fwp%2Fv2%2Fcategories&post=2728"},{"taxonomy":"post_tag","embeddable":true,"href":"https:\/\/partediario.com.ar\/index.php?rest_route=%2Fwp%2Fv2%2Ftags&post=2728"}],"curies":[{"name":"wp","href":"https:\/\/api.w.org\/{rel}","templated":true}]}}