{"id":2737,"date":"2024-06-17T10:55:01","date_gmt":"2024-06-17T13:55:01","guid":{"rendered":"https:\/\/partediario.com.ar\/?p=2737"},"modified":"2024-06-17T10:55:03","modified_gmt":"2024-06-17T13:55:03","slug":"provincia-y-municipio-trabajan-en-un-plan-estrategico-de-escala-industrial-para-el-desarrollo-de-concordia","status":"publish","type":"post","link":"https:\/\/partediario.com.ar\/?p=2737","title":{"rendered":"Provincia y municipio trabajan en un plan estrat\u00e9gico de escala industrial para el desarrollo de Concordia"},"content":{"rendered":"\n<p><strong>El proyecto estrat\u00e9gico del Parque Integral de Actividades Mixtas de Concordia implica un plan de desarrollo de alcance regional trabajado entre los gobiernos de la provincia y la municipalidad.<\/strong><\/p>\n\n\n\n<p>En ese marco, el intendente Francisco Ascu\u00e9, junto a su equipo pol\u00edtico y t\u00e9cnico, se reuni\u00f3 con la directora de Industria y Parques Industriales de Entre R\u00edos, Cecilia Lacava.<\/p>\n\n\n\n<p>El proyecto estrat\u00e9gico del Parque Integral de Actividades Mixtas de Concordia busca integrar diversas \u00e1reas industriales, log\u00edsticas y de servicios, en sinergia con el puerto de barcazas y las actividades de exportaci\u00f3n. El Parque contempla la ampliaci\u00f3n del actual emplazamiento e incluye una infraestructura avanzada que beneficiar\u00e1 a sectores clave de la econom\u00eda local.<\/p>\n\n\n\n<p>Entre los potenciales beneficiarios se encuentran empresas como Egger y el frigor\u00edfico Compa\u00f1\u00eda Pampeana de Carne, as\u00ed como toda la cadena foresto-industrial. Este desarrollo promete dinamizar industrias como la del ar\u00e1ndano, c\u00edtricos, nuez pec\u00e1n, apicultura y producci\u00f3n de tomate, entre otras.<\/p>\n\n\n\n<p>La visita tambi\u00e9n incluy\u00f3 una inspecci\u00f3n a un aserradero local, donde se abordaron las capacidades y los desaf\u00edos del sector maderero. Este tipo de interacciones subraya la importancia de entender las realidades locales para implementar soluciones efectivas y promover el crecimiento sostenible.<\/p>\n\n\n\n<p>El plan est\u00e1 integrado a las capacidades de exportaci\u00f3n del puerto de barcazas y representa una oportunidad sin precedentes para la regi\u00f3n. Facilitar\u00e1 el crecimiento de las empresas locales y la creaci\u00f3n de empleo.<\/p>\n\n\n\n<p>En el encuentro participaron el intendente de Concordia, Francisco Ascu\u00e9, adem\u00e1s el Jefe de Gabinete, Eduardo Caminal, y el secretario de Desarrollo Productivo, Federico Schattenhofer, quienes enfatizaron la importancia de estas iniciativas para fortalecer la econom\u00eda local y regional. La colaboraci\u00f3n entre el gobierno provincial y las intendencias es importante para alcanzar estos objetivos.<\/p>\n","protected":false},"excerpt":{"rendered":"<p>El proyecto estrat&eacute;gico del Parque Integral de Actividades Mixtas de Concordia implica un plan de desarrollo de alcance regional trabajado entre los gobiernos de la provincia y la municipalidad. En ese marco, el intendente Francisco Ascu&eacute;, junto a su equipo pol&iacute;tico y t&eacute;cnico, se reuni&oacute; con la directora de Industria y Parques Industriales de Entre [&hellip;]<\/p>\n","protected":false},"author":2,"featured_media":2738,"comment_status":"open","ping_status":"open","sticky":false,"template":"","format":"standard","meta":{"footnotes":""},"categories":[8],"tags":[498,398,257,497,499,496],"class_list":["post-2737","post","type-post","status-publish","format-standard","has-post-thumbnail","hentry","category-provinciales","tag-cecilia-lacava","tag-concordia","tag-entre-rios","tag-francisco-azcue-2","tag-parque-industrial","tag-provincia"],"_links":{"self":[{"href":"https:\/\/partediario.com.ar\/index.php?rest_route=\/wp\/v2\/posts\/2737","targetHints":{"allow":["GET"]}}],"collection":[{"href":"https:\/\/partediario.com.ar\/index.php?rest_route=\/wp\/v2\/posts"}],"about":[{"href":"https:\/\/partediario.com.ar\/index.php?rest_route=\/wp\/v2\/types\/post"}],"author":[{"embeddable":true,"href":"https:\/\/partediario.com.ar\/index.php?rest_route=\/wp\/v2\/users\/2"}],"replies":[{"embeddable":true,"href":"https:\/\/partediario.com.ar\/index.php?rest_route=%2Fwp%2Fv2%2Fcomments&post=2737"}],"version-history":[{"count":1,"href":"https:\/\/partediario.com.ar\/index.php?rest_route=\/wp\/v2\/posts\/2737\/revisions"}],"predecessor-version":[{"id":2739,"href":"https:\/\/partediario.com.ar\/index.php?rest_route=\/wp\/v2\/posts\/2737\/revisions\/2739"}],"wp:featuredmedia":[{"embeddable":true,"href":"https:\/\/partediario.com.ar\/index.php?rest_route=\/wp\/v2\/media\/2738"}],"wp:attachment":[{"href":"https:\/\/partediario.com.ar\/index.php?rest_route=%2Fwp%2Fv2%2Fmedia&parent=2737"}],"wp:term":[{"taxonomy":"category","embeddable":true,"href":"https:\/\/partediario.com.ar\/index.php?rest_route=%2Fwp%2Fv2%2Fcategories&post=2737"},{"taxonomy":"post_tag","embeddable":true,"href":"https:\/\/partediario.com.ar\/index.php?rest_route=%2Fwp%2Fv2%2Ftags&post=2737"}],"curies":[{"name":"wp","href":"https:\/\/api.w.org\/{rel}","templated":true}]}}