{"id":2740,"date":"2024-06-17T11:02:54","date_gmt":"2024-06-17T14:02:54","guid":{"rendered":"https:\/\/partediario.com.ar\/?p=2740"},"modified":"2024-06-17T11:04:40","modified_gmt":"2024-06-17T14:04:40","slug":"mes-de-la-ciudad-se-realiza-una-edicion-especial-de-sabores-de-las-ferias-en-parana","status":"publish","type":"post","link":"https:\/\/partediario.com.ar\/?p=2740","title":{"rendered":"Mes de la ciudad: se realiza una edici\u00f3n especial de Sabores de las Ferias en Paran\u00e1"},"content":{"rendered":"\n<p><strong>El evento tuvo lugar este s\u00e1bado en el renovado Mercado Sud. Emprendedores locales desplegaron su propuesta gastron\u00f3mica y adem\u00e1s se realizaron espect\u00e1culos art\u00edsticos. La actividad convoc\u00f3 a gran cantidad de paranaenses, y tendr\u00e1 continuidad este domingo en la Feria Salta y Nogoy\u00e1 con la paella como men\u00fa especial.<\/strong><\/p>\n\n\n\n<p>Con un importante acompa\u00f1amiento de vecinos y turistas, se concret\u00f3 este s\u00e1bado una edici\u00f3n especial de Sabores de las Ferias, en el Mercado Sud ubicado en calles Per\u00f3n y Villaguay. El evento es parte de la agenda de actividades con motivo de la celebraci\u00f3n por los 211 a\u00f1os de Paran\u00e1.<\/p>\n\n\n\n<p>En efecto, el ciclo renov\u00f3 la convocatoria a emprendedores gastron\u00f3micos, aunque en esta oportunidad el men\u00fa especial fue la buseca.<\/p>\n\n\n\n<p>\u201cSabores de las Ferias es una marca que se ha instalado, que le ha ido muy bien y que comenz\u00f3 el Feriado de Carnaval. Convocamos a partir de una oferta gastron\u00f3mica que sirve de excusa para realizar una invitaci\u00f3n. A ello le sumamos la oferta de los feriantes, que le dan vida a Mercado Sud todos los d\u00edas\u201d, sostuvo el subsecretario de Producci\u00f3n, Oscar Bustamante.<\/p>\n\n\n\n<p><\/p>\n\n\n\n<figure class=\"wp-block-image size-large\"><img loading=\"lazy\" decoding=\"async\" width=\"1024\" height=\"576\" src=\"https:\/\/partediario.com.ar\/wp-content\/uploads\/1718574993_7604897ac311d7776eae-1-1024x576.jpg\" alt=\"\" class=\"wp-image-2743\" srcset=\"https:\/\/partediario.com.ar\/wp-content\/uploads\/1718574993_7604897ac311d7776eae-1-1024x576.jpg 1024w, https:\/\/partediario.com.ar\/wp-content\/uploads\/1718574993_7604897ac311d7776eae-1-300x169.jpg 300w, https:\/\/partediario.com.ar\/wp-content\/uploads\/1718574993_7604897ac311d7776eae-1-768x432.jpg 768w, https:\/\/partediario.com.ar\/wp-content\/uploads\/1718574993_7604897ac311d7776eae-1.jpg 1300w\" sizes=\"auto, (max-width: 1024px) 100vw, 1024px\" \/><\/figure>\n\n\n\n<p><\/p>\n\n\n\n<p><\/p>\n\n\n\n<p>Paz Gallo es una de las feriantes del renovado espacio. Sobre esta experiencia como emprendedora consign\u00f3: \u201cNuestro local, Soberano Almac\u00e9n Bar, est\u00e1 teniendo una experiencia positiva, pese a la situaci\u00f3n del contexto. Estamos contentos de tener una propuesta gastron\u00f3mica, artesanal y local\u201d.<\/p>\n\n\n\n<p><\/p>\n\n\n\n<figure class=\"wp-block-image size-large\"><img loading=\"lazy\" decoding=\"async\" width=\"1024\" height=\"683\" src=\"https:\/\/partediario.com.ar\/wp-content\/uploads\/1718574978_63ebc3fcf26f7853aed1-1-1024x683.jpg\" alt=\"\" class=\"wp-image-2744\" srcset=\"https:\/\/partediario.com.ar\/wp-content\/uploads\/1718574978_63ebc3fcf26f7853aed1-1-1024x683.jpg 1024w, https:\/\/partediario.com.ar\/wp-content\/uploads\/1718574978_63ebc3fcf26f7853aed1-1-300x200.jpg 300w, https:\/\/partediario.com.ar\/wp-content\/uploads\/1718574978_63ebc3fcf26f7853aed1-1-768x512.jpg 768w, https:\/\/partediario.com.ar\/wp-content\/uploads\/1718574978_63ebc3fcf26f7853aed1-1.jpg 1300w\" sizes=\"auto, (max-width: 1024px) 100vw, 1024px\" \/><\/figure>\n\n\n\n<p><\/p>\n\n\n\n<p>Finalmente, el cocinero Pablo Mari\u00f1o, encargado de elaborar la buseca y otros platos regionales, destac\u00f3 la posibilidad de incentivar la gastronom\u00eda local. \u201cMuchos vecinos se fueron acercando y largamos m\u00e1s pedidos para llevar que los que vienen a comer ac\u00e1. Es lindo que nos apropiemos del cumplea\u00f1os de Paran\u00e1\u201d.<\/p>\n\n\n\n<p>\u201cSabores de la Feria, Especial Cumplea\u00f1os de la Ciudad\u201d continuar\u00e1 este domingo, de 20 a 23, en la feria de Salta y Nogoy\u00e1, con la habitual propuesta gastron\u00f3mica y espect\u00e1culos especiales, y tendr\u00e1 a la paella como men\u00fa especial.<\/p>\n\n\n\n<p><a href=\"https:\/\/docs.google.com\/document\/d\/1rMYZluwxPawb-28Zr9j3RIo4g7Zm-sOD\/edit#heading=h.dl96evraahux\">Agenda completa aqu\u00ed<\/a><\/p>\n\n\n\n<p><\/p>\n","protected":false},"excerpt":{"rendered":"<p>El evento tuvo lugar este s&aacute;bado en el renovado Mercado Sud. Emprendedores locales desplegaron su propuesta gastron&oacute;mica y adem&aacute;s se realizaron espect&aacute;culos art&iacute;sticos. La actividad convoc&oacute; a gran cantidad de paranaenses, y tendr&aacute; continuidad este domingo en la Feria Salta y Nogoy&aacute; con la paella como men&uacute; especial. Con un importante acompa&ntilde;amiento de vecinos y [&hellip;]<\/p>\n","protected":false},"author":2,"featured_media":2745,"comment_status":"open","ping_status":"open","sticky":false,"template":"","format":"standard","meta":{"footnotes":""},"categories":[6],"tags":[502,501,503,500,265],"class_list":["post-2740","post","type-post","status-publish","format-standard","has-post-thumbnail","hentry","category-locales","tag-ciudad","tag-ferias","tag-mercado-sud","tag-mes","tag-parana"],"_links":{"self":[{"href":"https:\/\/partediario.com.ar\/index.php?rest_route=\/wp\/v2\/posts\/2740","targetHints":{"allow":["GET"]}}],"collection":[{"href":"https:\/\/partediario.com.ar\/index.php?rest_route=\/wp\/v2\/posts"}],"about":[{"href":"https:\/\/partediario.com.ar\/index.php?rest_route=\/wp\/v2\/types\/post"}],"author":[{"embeddable":true,"href":"https:\/\/partediario.com.ar\/index.php?rest_route=\/wp\/v2\/users\/2"}],"replies":[{"embeddable":true,"href":"https:\/\/partediario.com.ar\/index.php?rest_route=%2Fwp%2Fv2%2Fcomments&post=2740"}],"version-history":[{"count":2,"href":"https:\/\/partediario.com.ar\/index.php?rest_route=\/wp\/v2\/posts\/2740\/revisions"}],"predecessor-version":[{"id":2748,"href":"https:\/\/partediario.com.ar\/index.php?rest_route=\/wp\/v2\/posts\/2740\/revisions\/2748"}],"wp:featuredmedia":[{"embeddable":true,"href":"https:\/\/partediario.com.ar\/index.php?rest_route=\/wp\/v2\/media\/2745"}],"wp:attachment":[{"href":"https:\/\/partediario.com.ar\/index.php?rest_route=%2Fwp%2Fv2%2Fmedia&parent=2740"}],"wp:term":[{"taxonomy":"category","embeddable":true,"href":"https:\/\/partediario.com.ar\/index.php?rest_route=%2Fwp%2Fv2%2Fcategories&post=2740"},{"taxonomy":"post_tag","embeddable":true,"href":"https:\/\/partediario.com.ar\/index.php?rest_route=%2Fwp%2Fv2%2Ftags&post=2740"}],"curies":[{"name":"wp","href":"https:\/\/api.w.org\/{rel}","templated":true}]}}