{"id":2752,"date":"2024-06-17T12:52:19","date_gmt":"2024-06-17T15:52:19","guid":{"rendered":"https:\/\/partediario.com.ar\/?p=2752"},"modified":"2024-06-17T12:52:24","modified_gmt":"2024-06-17T15:52:24","slug":"semana-de-feriados-en-entre-rios-cuales-son-los-dias-con-clases-y-se-trabaja","status":"publish","type":"post","link":"https:\/\/partediario.com.ar\/?p=2752","title":{"rendered":"Semana de feriados en Entre R\u00edos: cuales son los d\u00edas con clases y se trabaja"},"content":{"rendered":"\n<p><strong>Entre este lunes 17 y el viernes 21 de junio se acumulan tres feriados. No habr\u00e1 clases en escuelas ni en universidades de Entre R\u00edos, durante tres d\u00edas.<\/strong><\/p>\n\n\n\n<p>Esta semana, del 17 al 21 de junio de 2024, solamente habr\u00e1 dos d\u00edas de clases en las escuelas y universidades de Entre R\u00edos. Esto se debe a que se acumular\u00e1n tres feriados nacionales, poreste motivo se suspenden las actividades y habr\u00e1 dos fines de semana largos.<\/p>\n\n\n\n<p>De este modo, el primer fin de semana largo termina esta lunes 17 de junio, que es feriado por la muerte del General Mart\u00edn Miguel de G\u00fcemes. Luego, se trabajar\u00e1 y habr\u00e1 clases esa semana solamente martes 18 y mi\u00e9rcoles 19 de junio.<\/p>\n\n\n\n<p>El segundo fin de semana largo comienza el jueves 20 de junio, feriado por el General Belgrano, y termina el domingo 23, con el viernes 21 como d\u00eda de descanso extra para fomentar el turismo a nivel nacional.<\/p>\n\n\n\n<p><strong>Qu\u00e9 d\u00edas no habr\u00e1 clases por ser feriados y qu\u00e9 d\u00edas s\u00ed habr\u00e1 actividades escolares y administrativas:<\/strong><\/p>\n\n\n\n<ul class=\"wp-block-list\">\n<li>Lunes 17 de junio: feriado en conmemoraci\u00f3n de la muerte del General Mart\u00edn Miguel de G\u00fcemes.<\/li>\n\n\n\n<li>Martes 18 de junio: habr\u00e1 clases y ser\u00e1 d\u00eda h\u00e1bil.<\/li>\n\n\n\n<li>Mi\u00e9rcoles 19 de junio: habr\u00e1 clases y ser\u00e1 d\u00eda h\u00e1bil.<\/li>\n\n\n\n<li>Jueves 20 de junio: feriado en homenaje al General Manuel Belgrano.<\/li>\n\n\n\n<li>Viernes 21 de junio: feriado puente con fines tur\u00edsticos.<\/li>\n<\/ul>\n","protected":false},"excerpt":{"rendered":"<p>Entre este lunes 17 y el viernes 21 de junio se acumulan tres feriados. No habr&aacute; clases en escuelas ni en universidades de Entre R&iacute;os, durante tres d&iacute;as. Esta semana, del 17 al 21 de junio de 2024, solamente habr&aacute; dos d&iacute;as de clases en las escuelas y universidades de Entre R&iacute;os. Esto se debe [&hellip;]<\/p>\n","protected":false},"author":2,"featured_media":2753,"comment_status":"open","ping_status":"open","sticky":false,"template":"","format":"standard","meta":{"footnotes":""},"categories":[6,8],"tags":[],"class_list":["post-2752","post","type-post","status-publish","format-standard","has-post-thumbnail","hentry","category-locales","category-provinciales"],"_links":{"self":[{"href":"https:\/\/partediario.com.ar\/index.php?rest_route=\/wp\/v2\/posts\/2752","targetHints":{"allow":["GET"]}}],"collection":[{"href":"https:\/\/partediario.com.ar\/index.php?rest_route=\/wp\/v2\/posts"}],"about":[{"href":"https:\/\/partediario.com.ar\/index.php?rest_route=\/wp\/v2\/types\/post"}],"author":[{"embeddable":true,"href":"https:\/\/partediario.com.ar\/index.php?rest_route=\/wp\/v2\/users\/2"}],"replies":[{"embeddable":true,"href":"https:\/\/partediario.com.ar\/index.php?rest_route=%2Fwp%2Fv2%2Fcomments&post=2752"}],"version-history":[{"count":1,"href":"https:\/\/partediario.com.ar\/index.php?rest_route=\/wp\/v2\/posts\/2752\/revisions"}],"predecessor-version":[{"id":2754,"href":"https:\/\/partediario.com.ar\/index.php?rest_route=\/wp\/v2\/posts\/2752\/revisions\/2754"}],"wp:featuredmedia":[{"embeddable":true,"href":"https:\/\/partediario.com.ar\/index.php?rest_route=\/wp\/v2\/media\/2753"}],"wp:attachment":[{"href":"https:\/\/partediario.com.ar\/index.php?rest_route=%2Fwp%2Fv2%2Fmedia&parent=2752"}],"wp:term":[{"taxonomy":"category","embeddable":true,"href":"https:\/\/partediario.com.ar\/index.php?rest_route=%2Fwp%2Fv2%2Fcategories&post=2752"},{"taxonomy":"post_tag","embeddable":true,"href":"https:\/\/partediario.com.ar\/index.php?rest_route=%2Fwp%2Fv2%2Ftags&post=2752"}],"curies":[{"name":"wp","href":"https:\/\/api.w.org\/{rel}","templated":true}]}}