{"id":2758,"date":"2024-06-17T13:11:29","date_gmt":"2024-06-17T16:11:29","guid":{"rendered":"https:\/\/partediario.com.ar\/?p=2758"},"modified":"2024-06-17T13:11:30","modified_gmt":"2024-06-17T16:11:30","slug":"patricia-bullrich-visito-las-unidades-penales-de-el-salvador","status":"publish","type":"post","link":"https:\/\/partediario.com.ar\/?p=2758","title":{"rendered":"Patricia Bullrich visit\u00f3 las unidades penales de El Salvador"},"content":{"rendered":"\n<p><strong>La ministra de Seguridad Patricia Bullrich busca replicar el modelo de Bukele en la Argentina para los reclusos.<\/strong><\/p>\n\n\n\n<p>Patricia Bullrich, viaj\u00f3 a El Salvador y recorri\u00f3 el Centro de Confinamiento del Terrorismo (CECOT) impulsado por su presidente Nayib Bukele, con quien est\u00e1 previsto que mantenga una reuni\u00f3n.<\/p>\n\n\n\n<p>Adem\u00e1s visit\u00f3 la Academia Nacional de Seguridad P\u00fablica (ANSP) e intercambi\u00f3 conocimientos con su par salvadore\u00f1o Gustavo Villatoro, con la intenci\u00f3n de reforzar la seguridad a nivel regional.<\/p>\n\n\n\n<p>Como primera actividad tras haber aterrizado en tierras caribe\u00f1as durante la noche del s\u00e1bado, Bullrich asisti\u00f3 la Academia Nacional de Seguridad P\u00fablica (ANSP) donde fue recibida por el director de la instituci\u00f3n, C\u00e9sar Flores Murillo.<\/p>\n\n\n\n<p><\/p>\n\n\n\n<figure class=\"wp-block-image size-full\"><img loading=\"lazy\" decoding=\"async\" width=\"790\" height=\"454\" src=\"https:\/\/partediario.com.ar\/wp-content\/uploads\/patricia-bullrich-el-salvadorjpg.webp\" alt=\"\" class=\"wp-image-2760\" srcset=\"https:\/\/partediario.com.ar\/wp-content\/uploads\/patricia-bullrich-el-salvadorjpg.webp 790w, https:\/\/partediario.com.ar\/wp-content\/uploads\/patricia-bullrich-el-salvadorjpg-300x172.webp 300w, https:\/\/partediario.com.ar\/wp-content\/uploads\/patricia-bullrich-el-salvadorjpg-768x441.webp 768w\" sizes=\"auto, (max-width: 790px) 100vw, 790px\" \/><\/figure>\n\n\n\n<p><\/p>\n\n\n\n<p>Cabe se\u00f1alar que la ANSP se encarga de la formaci\u00f3n y capacitaci\u00f3n de los miembros de la Polic\u00eda Nacional Civil y otros cuerpos de seguridad p\u00fablica de El Salvador.<\/p>\n\n\n\n<p>En el marco de la recorrida por los distintos centros, Bullrich puso atenci\u00f3n a las distintas actividades de formaci\u00f3n, se interioriz\u00f3 en los programas educativos y protagoniz\u00f3 intercambios sobre las pr\u00e1cticas implementadas en la profesionalizaci\u00f3n de las fuerzas policiales.<\/p>\n\n\n\n<p><\/p>\n\n\n\n<blockquote class=\"twitter-tweet\"><p lang=\"es\" dir=\"ltr\">Juntos contra los criminales que asesinan masivamente y se cre\u00edan due\u00f1os de nuestros pa\u00edses y sociedades. <a href=\"https:\/\/t.co\/devz2zKHBF\">https:\/\/t.co\/devz2zKHBF<\/a><\/p>&mdash; Patricia Bullrich (@PatoBullrich) <a href=\"https:\/\/twitter.com\/PatoBullrich\/status\/1802497762161803753?ref_src=twsrc%5Etfw\">June 17, 2024<\/a><\/blockquote> <script async src=\"https:\/\/platform.twitter.com\/widgets.js\" charset=\"utf-8\"><\/script>\n\n\n\n<p>Como parte del cronograma, visit\u00f3 despu\u00e9s el Centro de Confinamiento del Terrorismo (CECOT), conocido como la c\u00e1rcel m\u00e1s grande de Am\u00e9rica, uno de los hitos de la gesti\u00f3n de Bukele. Se trata de un organismo de m\u00e1xima seguridad, dise\u00f1ado espec\u00edficamente para albergar a miembros de pandillas y presos calificados de \u201calta peligrosidad\u201d.<\/p>\n\n\n\n<p>El centro de detenci\u00f3n est\u00e1 ubicado en una zona rural, en el distrito de Tecoluca, jurisdicci\u00f3n de San Vicente Sur, y alberga a 40 mil presos. La ministra de Seguridad, que responde a Javier Milei recorri\u00f3 las instalaciones y tom\u00f3 nota de las medidas de seguridad implementadas.<\/p>\n\n\n\n<p>Su puesta en pie es parte de la estrategia del gobierno salvadore\u00f1o para combatir y desmantelar las estructuras criminales y reducir los \u00edndices de violencia en el pa\u00eds, algo que se logr\u00f3 hasta ahora de manera exponencial. En la misma l\u00ednea y al frente de la cartera de Seguridad, destac\u00f3 la centralidad de contar con centros penitenciarios especializados en la lucha contra el crimen organizado.<\/p>\n\n\n\n<p>Participaron de la visita Julian Curi, subsecretario de Asuntos Penitenciarios; Alberto F\u00f6hrig, director nacional de Cooperaci\u00f3n Internacional; Ricardo Ferrer, director nacional de Inteligencia Criminal y Juan Pablo Arenaza, legislador de la Ciudad Aut\u00f3noma de Buenos Aires (CABA).<\/p>\n","protected":false},"excerpt":{"rendered":"<p>La ministra de Seguridad Patricia Bullrich busca replicar el modelo de Bukele en la Argentina para los reclusos. Patricia Bullrich, viaj&oacute; a El Salvador y recorri&oacute; el Centro de Confinamiento del Terrorismo (CECOT) impulsado por su presidente Nayib Bukele, con quien est&aacute; previsto que mantenga una reuni&oacute;n. Adem&aacute;s visit&oacute; la Academia Nacional de Seguridad P&uacute;blica [&hellip;]<\/p>\n","protected":false},"author":2,"featured_media":2759,"comment_status":"open","ping_status":"open","sticky":false,"template":"","format":"standard","meta":{"footnotes":""},"categories":[5],"tags":[514,511,512,232,513,510],"class_list":["post-2758","post","type-post","status-publish","format-standard","has-post-thumbnail","hentry","category-nacionales","tag-ansp","tag-carceles","tag-el-salvador","tag-javier-milei","tag-nayib-bukele","tag-patricia-bullrich"],"_links":{"self":[{"href":"https:\/\/partediario.com.ar\/index.php?rest_route=\/wp\/v2\/posts\/2758","targetHints":{"allow":["GET"]}}],"collection":[{"href":"https:\/\/partediario.com.ar\/index.php?rest_route=\/wp\/v2\/posts"}],"about":[{"href":"https:\/\/partediario.com.ar\/index.php?rest_route=\/wp\/v2\/types\/post"}],"author":[{"embeddable":true,"href":"https:\/\/partediario.com.ar\/index.php?rest_route=\/wp\/v2\/users\/2"}],"replies":[{"embeddable":true,"href":"https:\/\/partediario.com.ar\/index.php?rest_route=%2Fwp%2Fv2%2Fcomments&post=2758"}],"version-history":[{"count":1,"href":"https:\/\/partediario.com.ar\/index.php?rest_route=\/wp\/v2\/posts\/2758\/revisions"}],"predecessor-version":[{"id":2761,"href":"https:\/\/partediario.com.ar\/index.php?rest_route=\/wp\/v2\/posts\/2758\/revisions\/2761"}],"wp:featuredmedia":[{"embeddable":true,"href":"https:\/\/partediario.com.ar\/index.php?rest_route=\/wp\/v2\/media\/2759"}],"wp:attachment":[{"href":"https:\/\/partediario.com.ar\/index.php?rest_route=%2Fwp%2Fv2%2Fmedia&parent=2758"}],"wp:term":[{"taxonomy":"category","embeddable":true,"href":"https:\/\/partediario.com.ar\/index.php?rest_route=%2Fwp%2Fv2%2Fcategories&post=2758"},{"taxonomy":"post_tag","embeddable":true,"href":"https:\/\/partediario.com.ar\/index.php?rest_route=%2Fwp%2Fv2%2Ftags&post=2758"}],"curies":[{"name":"wp","href":"https:\/\/api.w.org\/{rel}","templated":true}]}}