{"id":2779,"date":"2024-06-17T18:32:09","date_gmt":"2024-06-17T21:32:09","guid":{"rendered":"https:\/\/partediario.com.ar\/?p=2779"},"modified":"2024-06-17T18:32:10","modified_gmt":"2024-06-17T21:32:10","slug":"paranaenses-y-turistas-redescubren-el-patrimonio-historico-de-la-ciudad","status":"publish","type":"post","link":"https:\/\/partediario.com.ar\/?p=2779","title":{"rendered":"Paranaenses y turistas redescubren el patrimonio hist\u00f3rico de la ciudad"},"content":{"rendered":"\n<h3 class=\"wp-block-heading\">Este s\u00e1bado se realiz\u00f3 un recorrido por el casco hist\u00f3rico por edificios emblem\u00e1ticos de la ciudad. En el Palacio Municipal hubo una representaci\u00f3n del enfrentamiento entre Urquiza y L\u00f3pez Jord\u00e1n. Participaron mediadores del Museo de la Ciudad y gu\u00edas tur\u00edsticos.<\/h3>\n\n\n\n<p>La agenda para celebrar el 211 aniversario de la capital entrerriana se presenta bajo el slogan \u201cParan\u00e1, Ciudad de Historias\u201d. En funci\u00f3n de ese lema, una de las actividades estuvo pensada para contribuir al conocimiento de la historia y del rico patrimonio de la ciudad que fuera Capital de la Confederaci\u00f3n Argentina.<\/p>\n\n\n\n<p><\/p>\n\n\n\n<figure class=\"wp-block-image size-large\"><img loading=\"lazy\" decoding=\"async\" width=\"1024\" height=\"576\" src=\"https:\/\/partediario.com.ar\/wp-content\/uploads\/1718575891_76955dcf5012d73e4122-1024x576.jpg\" alt=\"\" class=\"wp-image-2780\" srcset=\"https:\/\/partediario.com.ar\/wp-content\/uploads\/1718575891_76955dcf5012d73e4122-1024x576.jpg 1024w, https:\/\/partediario.com.ar\/wp-content\/uploads\/1718575891_76955dcf5012d73e4122-300x169.jpg 300w, https:\/\/partediario.com.ar\/wp-content\/uploads\/1718575891_76955dcf5012d73e4122-768x432.jpg 768w, https:\/\/partediario.com.ar\/wp-content\/uploads\/1718575891_76955dcf5012d73e4122-1536x864.jpg 1536w, https:\/\/partediario.com.ar\/wp-content\/uploads\/1718575891_76955dcf5012d73e4122.jpg 1920w\" sizes=\"auto, (max-width: 1024px) 100vw, 1024px\" \/><\/figure>\n\n\n\n<p><\/p>\n\n\n\n<p>\u201cInvitamos a los vecinos a recorrer los diferentes lugares; Paran\u00e1 es una ciudad con mucha historia. Recorrimos la Plaza 1\u00b0 de Mayo y su entorno hist\u00f3rico-cultural. Se terminan los recorridos en lugares emblem\u00e1ticos como el Teatro Municipal 3 de Febrero, la Capilla Norte de San Miguel y el Museo de la Ciudad\u201d, explic\u00f3 la gu\u00eda tur\u00edstica Carina Caminos, en representaci\u00f3n de la subsecretar\u00eda de Turismo.<\/p>\n\n\n\n<p><\/p>\n\n\n\n<figure class=\"wp-block-image size-full\"><img loading=\"lazy\" decoding=\"async\" width=\"760\" height=\"427\" src=\"https:\/\/partediario.com.ar\/wp-content\/uploads\/091cf0da65d3f4da1edb89bd4bd68c55.jpg\" alt=\"\" class=\"wp-image-2781\" srcset=\"https:\/\/partediario.com.ar\/wp-content\/uploads\/091cf0da65d3f4da1edb89bd4bd68c55.jpg 760w, https:\/\/partediario.com.ar\/wp-content\/uploads\/091cf0da65d3f4da1edb89bd4bd68c55-300x169.jpg 300w\" sizes=\"auto, (max-width: 760px) 100vw, 760px\" \/><\/figure>\n\n\n\n<p><\/p>\n\n\n\n<p><strong>Una propuesta que suma adeptos<\/strong><\/p>\n\n\n\n<p>Manuela Bracco, vecina de Paran\u00e1, consider\u00f3 que el recorrido \u201ces muy bueno, porque no todos los pobladores de Paran\u00e1 por ah\u00ed conocen la historia de la ciudad\u201d.<\/p>\n\n\n\n<p>Marcelo Gonz\u00e1lez, vecino de Concepci\u00f3n del Uruguay, se\u00f1al\u00f3 que \u201chay muchas cosas que uno desconoce, como la historia del Correo. Son cuestiones que a uno lo van enriqueciendo\u201d.<\/p>\n\n\n\n<p>Los recorridos hist\u00f3ricos para p\u00fablico en general ser\u00e1n del s\u00e1bado 15 al lunes 17, y del jueves 20 al domingo 23 a las 11 y las 15. A su vez, se realizar\u00e1 un especial por el aniversario de la ciudad el d\u00eda martes 25 de junio a las 11.<\/p>\n\n\n\n<p>Los recorridos inician en la Plaza 1\u00b0 de Mayo y comprenden al Palacio Municipal, Teatro Municipal 3 de Febrero, Museo de la Ciudad y la Capilla Norte. El acceso es libre y gratuito.<\/p>\n\n\n\n<p>Adem\u00e1s, se brindar\u00e1n recorridos para escuelas de la ciudad los d\u00edas martes 18 y mi\u00e9rcoles 19, a las 10 y las 14.<\/p>\n\n\n\n<p><a href=\"https:\/\/docs.google.com\/document\/d\/1rMYZluwxPawb-28Zr9j3RIo4g7Zm-sOD\/edit#heading=h.dl96evraahux\">Consult\u00e1 la agenda completa aqu\u00ed<\/a><\/p>\n","protected":false},"excerpt":{"rendered":"<p>Este s&aacute;bado se realiz&oacute; un recorrido por el casco hist&oacute;rico por edificios emblem&aacute;ticos de la ciudad. En el Palacio Municipal hubo una representaci&oacute;n del enfrentamiento entre Urquiza y L&oacute;pez Jord&aacute;n. Participaron mediadores del Museo de la Ciudad y gu&iacute;as tur&iacute;sticos. La agenda para celebrar el 211 aniversario de la capital entrerriana se presenta bajo el [&hellip;]<\/p>\n","protected":false},"author":2,"featured_media":2782,"comment_status":"open","ping_status":"open","sticky":false,"template":"","format":"standard","meta":{"footnotes":""},"categories":[6],"tags":[257,534,265,533,532],"class_list":["post-2779","post","type-post","status-publish","format-standard","has-post-thumbnail","hentry","category-locales","tag-entre-rios","tag-historico","tag-parana","tag-patrimonio","tag-turistas"],"_links":{"self":[{"href":"https:\/\/partediario.com.ar\/index.php?rest_route=\/wp\/v2\/posts\/2779","targetHints":{"allow":["GET"]}}],"collection":[{"href":"https:\/\/partediario.com.ar\/index.php?rest_route=\/wp\/v2\/posts"}],"about":[{"href":"https:\/\/partediario.com.ar\/index.php?rest_route=\/wp\/v2\/types\/post"}],"author":[{"embeddable":true,"href":"https:\/\/partediario.com.ar\/index.php?rest_route=\/wp\/v2\/users\/2"}],"replies":[{"embeddable":true,"href":"https:\/\/partediario.com.ar\/index.php?rest_route=%2Fwp%2Fv2%2Fcomments&post=2779"}],"version-history":[{"count":1,"href":"https:\/\/partediario.com.ar\/index.php?rest_route=\/wp\/v2\/posts\/2779\/revisions"}],"predecessor-version":[{"id":2783,"href":"https:\/\/partediario.com.ar\/index.php?rest_route=\/wp\/v2\/posts\/2779\/revisions\/2783"}],"wp:featuredmedia":[{"embeddable":true,"href":"https:\/\/partediario.com.ar\/index.php?rest_route=\/wp\/v2\/media\/2782"}],"wp:attachment":[{"href":"https:\/\/partediario.com.ar\/index.php?rest_route=%2Fwp%2Fv2%2Fmedia&parent=2779"}],"wp:term":[{"taxonomy":"category","embeddable":true,"href":"https:\/\/partediario.com.ar\/index.php?rest_route=%2Fwp%2Fv2%2Fcategories&post=2779"},{"taxonomy":"post_tag","embeddable":true,"href":"https:\/\/partediario.com.ar\/index.php?rest_route=%2Fwp%2Fv2%2Ftags&post=2779"}],"curies":[{"name":"wp","href":"https:\/\/api.w.org\/{rel}","templated":true}]}}