{"id":2784,"date":"2024-06-17T21:04:11","date_gmt":"2024-06-18T00:04:11","guid":{"rendered":"https:\/\/partediario.com.ar\/?p=2784"},"modified":"2024-06-17T21:04:28","modified_gmt":"2024-06-18T00:04:28","slug":"locura-en-santa-elena-fueron-a-apagar-un-incendio-y-los-atacaron-con-piedras-y-machetes","status":"publish","type":"post","link":"https:\/\/partediario.com.ar\/?p=2784","title":{"rendered":"Locura en Santa Elena: fueron a apagar un incendio y los atacaron con piedras y machetes"},"content":{"rendered":"\n<p><strong>Los vecinos se negaron a ser socorridos y reaccionaron agresivamente contra los efectivos policiales. Los miembros de la familia exhibieron machetes, palos y piedras, utilizando a menores y mujeres como escudos humanos.<\/strong><\/p>\n\n\n\n<p>Este lunes personal policial fue comisionado al Barrio 120 Viviendas de Santa Elena, respondiendo a un llamado por incendio en una vivienda. Al intentar asistir a los afectados en conjunto con Bomberos Voluntarios, los vecinos se negaron a ser socorridos y reaccionaron violentamente contra los efectivos policiales. Los miembros de la familia exhibieron machetes, palos y piedras, utilizando a menores y mujeres como escudos humanos.<\/p>\n\n\n\n<p>Ante esta situaci\u00f3n, y con conocimiento de la Unidad Fiscal, se procedi\u00f3 a utilizar disparos con escopeta (cartucher\u00eda AT) para evitar lesiones a los agentes policiales y bomberos.<\/p>\n\n\n\n<p>Previo a una orden telef\u00f3nica de la Unidad Fiscal, se ingres\u00f3 al predio en colaboraci\u00f3n con la Guardia Especial La Paz, procediendo a la detenci\u00f3n de cinco personas: dos hombres de 27 y 37 a\u00f1os, una mujer de 25 a\u00f1os, un hombre de 40 a\u00f1os, y un menor de 16 a\u00f1os, quien fue entregado a un tutor bajo supervisi\u00f3n del personal de ANAF.<\/p>\n\n\n\n<p>En el lugar se llev\u00f3 a cabo un allanamiento, y se secuestr\u00f3 un rifle calibre .22 recortado, un arma de fabricaci\u00f3n casera (tumbera), un aire comprimido micro pist\u00f3n, un machete, una gomera y varias armas blancas.<\/p>\n","protected":false},"excerpt":{"rendered":"<p>Los vecinos se negaron a ser socorridos y reaccionaron agresivamente contra los efectivos policiales. Los miembros de la familia exhibieron machetes, palos y piedras, utilizando a menores y mujeres como escudos humanos. Este lunes personal policial fue comisionado al Barrio 120 Viviendas de Santa Elena, respondiendo a un llamado por incendio en una vivienda. Al [&hellip;]<\/p>\n","protected":false},"author":2,"featured_media":2785,"comment_status":"open","ping_status":"open","sticky":false,"template":"","format":"standard","meta":{"footnotes":""},"categories":[7,8],"tags":[474,537,460,535,438,207,536],"class_list":["post-2784","post","type-post","status-publish","format-standard","has-post-thumbnail","hentry","category-policiales","category-provinciales","tag-agresion","tag-barrio-120-viviendas","tag-bomberos","tag-policia","tag-policiales","tag-santa-elena","tag-vecinos"],"_links":{"self":[{"href":"https:\/\/partediario.com.ar\/index.php?rest_route=\/wp\/v2\/posts\/2784","targetHints":{"allow":["GET"]}}],"collection":[{"href":"https:\/\/partediario.com.ar\/index.php?rest_route=\/wp\/v2\/posts"}],"about":[{"href":"https:\/\/partediario.com.ar\/index.php?rest_route=\/wp\/v2\/types\/post"}],"author":[{"embeddable":true,"href":"https:\/\/partediario.com.ar\/index.php?rest_route=\/wp\/v2\/users\/2"}],"replies":[{"embeddable":true,"href":"https:\/\/partediario.com.ar\/index.php?rest_route=%2Fwp%2Fv2%2Fcomments&post=2784"}],"version-history":[{"count":1,"href":"https:\/\/partediario.com.ar\/index.php?rest_route=\/wp\/v2\/posts\/2784\/revisions"}],"predecessor-version":[{"id":2786,"href":"https:\/\/partediario.com.ar\/index.php?rest_route=\/wp\/v2\/posts\/2784\/revisions\/2786"}],"wp:featuredmedia":[{"embeddable":true,"href":"https:\/\/partediario.com.ar\/index.php?rest_route=\/wp\/v2\/media\/2785"}],"wp:attachment":[{"href":"https:\/\/partediario.com.ar\/index.php?rest_route=%2Fwp%2Fv2%2Fmedia&parent=2784"}],"wp:term":[{"taxonomy":"category","embeddable":true,"href":"https:\/\/partediario.com.ar\/index.php?rest_route=%2Fwp%2Fv2%2Fcategories&post=2784"},{"taxonomy":"post_tag","embeddable":true,"href":"https:\/\/partediario.com.ar\/index.php?rest_route=%2Fwp%2Fv2%2Ftags&post=2784"}],"curies":[{"name":"wp","href":"https:\/\/api.w.org\/{rel}","templated":true}]}}