{"id":2814,"date":"2024-06-18T11:03:05","date_gmt":"2024-06-18T14:03:05","guid":{"rendered":"https:\/\/partediario.com.ar\/?p=2814"},"modified":"2024-06-18T11:03:07","modified_gmt":"2024-06-18T14:03:07","slug":"murio-en-brasil-lorenzo-somaschini-el-motociclista-argentino-de-9-anos","status":"publish","type":"post","link":"https:\/\/partediario.com.ar\/?p=2814","title":{"rendered":"Muri\u00f3 en Brasil Lorenzo Somaschini, el motociclista argentino de 9 a\u00f1os"},"content":{"rendered":"\n<h3 class=\"wp-block-heading\">La triste noticia fue confirmada por los organizadores del SuperBike, el certamen en el que participaba cuando se accident\u00f3. Se encontraba internado en estado cr\u00edtico desde el viernes pasado.<\/h3>\n\n\n\n<p>Lorenzo Somaschini, el motociclista argentino de 9 a\u00f1os, falleci\u00f3 en las \u00faltimas horas en San Pablo, Brasil, donde permanec\u00eda internado en terapia intensiva desde el viernes pasado. Hab\u00eda sufrido un grave accidente durante uno de los entrenamientos para la 4ta etapa de la Copa Honda Junior 160 de Superbike en el Aut\u00f3dromo de Interlagos que se disputa en esa ciudad.<\/p>\n\n\n\n<p>La noticia fue confirmada por medio de un comunicado oficial de Super Bike Brasil. \u00abEl piloto argentino, nacido en Rosario, ingres\u00f3 al Hospital Albert Einstein y estuvo bajo cuidados m\u00e9dicos intensivos y lamentablemente no resisti\u00f3\u201d, informaron desde la organizaci\u00f3n.<\/p>\n\n\n\n<p>\u201cCuando cay\u00f3 a la salida de Pinheirinho, el piloto fue atendido en el lugar por el equipo m\u00e9dico en una ambulancia UTI. Posteriormente, fue enviado a la sala de emergencias del circuito, donde fue estabilizado\u201d, explicaron.<\/p>\n\n\n\n<p>\u201cDespu\u00e9s de este procedimiento, se realiz\u00f3 el traspaso m\u00e9dico, en una unidad de apoyo avanzada al Hospital General de Pedreira, donde permaneci\u00f3 hasta el s\u00e1bado, siguiendo todos los protocolos m\u00e9dicos hasta que se lo deriv\u00f3 al Hospital Albert Einstein. Todos en el equipo de SuperBike Brasil est\u00e1n consternados por el evento y expresan sus sinceras condolencias a todos los familiares y amigos de Lorenzo\u201d, finalizaron.<\/p>\n\n\n\n<p>Diego Pierluigi, instructor de Lorenzo, le dedic\u00f3 un emotivo mensaje en sus redes sociales. \u00abCon mi coraz\u00f3n roto y mi alma desecha me tengo que despedir de vos. Te voy a extra\u00f1ar mucho Lolito. Gracias por dejarme ser parte de tu sue\u00f1o. Descansa en paz, campe\u00f3n\u00bb, poste\u00f3.<\/p>\n\n\n\n<p>\u00abLolo\u00bb, como lo llamaban cari\u00f1osamente, hab\u00eda nacido el 17 de julio de 2014 en Rosario. Hab\u00eda debutado en el Superbike de Argentina el 13 de abril de este a\u00f1o. Luego, tuvo una segunda participaci\u00f3n en el aut\u00f3dromo de San Nicol\u00e1s, en la divisional Junior Cup.<\/p>\n\n\n\n<p>La Copa Honda Junior 160 de Superbike, que se disputaba en el Aut\u00f3dromo de Interlagos, era su primera experiencia internacional.<\/p>\n\n\n\n<p><strong>El accidente<\/strong><\/p>\n\n\n\n<p>Seg\u00fan precisaron desde la organizaci\u00f3n del certamen, el viernes pasado durante el primer entrenamiento de la Copa Jr, en la cuarta etapa del SuperBike Brasil, Lorenzo tuvo una ca\u00edda en la curva Pinheirinho.<\/p>\n\n\n\n<p>\u00abFue atendido r\u00e1pidamente en el lugar por el equipo m\u00e9dico y la ambulancia de la UCI. Luego fue trasladado a urgencias del aut\u00f3dromo, donde se estabiliz\u00f3 el estado cl\u00ednico del piloto. Luego de este procedimiento, el retiro m\u00e9dico se realiz\u00f3 en una unidad de apoyo avanzado (UCI m\u00f3vil) del Hospital Geral da Pedreira, donde permaneci\u00f3 hasta la madrugada del s\u00e1bado, siguiendo todos los protocolos m\u00e9dicos hasta su traslado al Hospital Albert Einstein\u201d, a\u00f1adieron.<\/p>\n\n\n\n<p>El entrenador de Lorenzo, Diego Pierluigi, explic\u00f3 a La Capital que Lorenzo se accident\u00f3 en \u00abla curva m\u00e1s lenta del circuito\u00bb. Seg\u00fan detall\u00f3, \u00abla forma de la ca\u00edda fue un highside, que es cuando la moto se cruza, se traba y despide al piloto\u00bb.<\/p>\n\n\n\n<p>\u00abLo que sucedi\u00f3 fue una desgracia porque en las competencias tenemos todas las medidas de seguridad. Lolo no estaba por primera vez girando en Interlagos, estaba en su segundo d\u00eda. Hicimos los entrenamientos del d\u00eda mi\u00e9rcoles. Y, el viernes, en su primer entrenamiento de la Copa Junior, que corren los chicos, tambi\u00e9n llamada Copa Talento para que empiecen su carrera deportiva\u00bb, relat\u00f3.<\/p>\n\n\n\n<p>Y agreg\u00f3: \u00abEstamos conmocionados porque es una ca\u00edda que, generalmente en esa velocidad y a esa curva, no son ca\u00eddas de sufrir un golpe fuerte\u00bb. En este sentido, se\u00f1al\u00f3 que Lorenzo \u00abven\u00eda a 40 kil\u00f3metros por hora en el momento de la ca\u00edda\u00bb y que ten\u00eda \u00abtodas las medidas de seguridad\u00bb requeridas.<\/p>\n","protected":false},"excerpt":{"rendered":"<p>La triste noticia fue confirmada por los organizadores del SuperBike, el certamen en el que participaba cuando se accident&oacute;. Se encontraba internado en estado cr&iacute;tico desde el viernes pasado. Lorenzo Somaschini, el motociclista argentino de 9 a&ntilde;os, falleci&oacute; en las &uacute;ltimas horas en San Pablo, Brasil, donde permanec&iacute;a internado en terapia intensiva desde el viernes [&hellip;]<\/p>\n","protected":false},"author":2,"featured_media":2815,"comment_status":"open","ping_status":"open","sticky":false,"template":"","format":"standard","meta":{"footnotes":""},"categories":[4,9],"tags":[562,483,561,564,565],"class_list":["post-2814","post","type-post","status-publish","format-standard","has-post-thumbnail","hentry","category-deportes","category-internacionales","tag-lorenzo-somaschini","tag-motociclista","tag-murio","tag-san-pablo","tag-superbike"],"_links":{"self":[{"href":"https:\/\/partediario.com.ar\/index.php?rest_route=\/wp\/v2\/posts\/2814","targetHints":{"allow":["GET"]}}],"collection":[{"href":"https:\/\/partediario.com.ar\/index.php?rest_route=\/wp\/v2\/posts"}],"about":[{"href":"https:\/\/partediario.com.ar\/index.php?rest_route=\/wp\/v2\/types\/post"}],"author":[{"embeddable":true,"href":"https:\/\/partediario.com.ar\/index.php?rest_route=\/wp\/v2\/users\/2"}],"replies":[{"embeddable":true,"href":"https:\/\/partediario.com.ar\/index.php?rest_route=%2Fwp%2Fv2%2Fcomments&post=2814"}],"version-history":[{"count":1,"href":"https:\/\/partediario.com.ar\/index.php?rest_route=\/wp\/v2\/posts\/2814\/revisions"}],"predecessor-version":[{"id":2816,"href":"https:\/\/partediario.com.ar\/index.php?rest_route=\/wp\/v2\/posts\/2814\/revisions\/2816"}],"wp:featuredmedia":[{"embeddable":true,"href":"https:\/\/partediario.com.ar\/index.php?rest_route=\/wp\/v2\/media\/2815"}],"wp:attachment":[{"href":"https:\/\/partediario.com.ar\/index.php?rest_route=%2Fwp%2Fv2%2Fmedia&parent=2814"}],"wp:term":[{"taxonomy":"category","embeddable":true,"href":"https:\/\/partediario.com.ar\/index.php?rest_route=%2Fwp%2Fv2%2Fcategories&post=2814"},{"taxonomy":"post_tag","embeddable":true,"href":"https:\/\/partediario.com.ar\/index.php?rest_route=%2Fwp%2Fv2%2Ftags&post=2814"}],"curies":[{"name":"wp","href":"https:\/\/api.w.org\/{rel}","templated":true}]}}