{"id":28185,"date":"2025-08-14T11:31:30","date_gmt":"2025-08-14T14:31:30","guid":{"rendered":"https:\/\/partediario.com.ar\/?p=28185"},"modified":"2025-08-15T12:27:54","modified_gmt":"2025-08-15T15:27:54","slug":"milei-mantendra-una-comunicacion-con-zelenski-previamente-a-la-cumbre-de-trump-con-putin","status":"publish","type":"post","link":"https:\/\/partediario.com.ar\/?p=28185","title":{"rendered":"Milei mantendr\u00e1 una comunicaci\u00f3n con Zelenski previamente a la cumbre de Trump con Putin"},"content":{"rendered":"\n<h2 class=\"wp-block-heading\">El presidente Javier Milei se comunicar\u00e1 este mediod\u00eda con su par de Ucrania Volod\u00edmir Zelenski, en la previa a la cumbre que protagonizar\u00e1n el pr\u00f3ximo viernes el estadounidense Donald Trump junto al ruso Vladimir Putin en Alaska.<\/h2>\n\n\n\n<p>A las 12.30 de este jueves, Milei conversar\u00e1 de manera remota, algo que estila hacer, con el ucraniano con la intenci\u00f3n de acercar posiciones que permitan desarticular el conflicto b\u00e9lico entre Rusia y Ucrania que comenz\u00f3 el 20 de febrero de 2014, pero que escal\u00f3 en el mismo mes de 2022.<\/p>\n\n\n\n<p>La \u00faltima vez que ambos presidentes se comunicaron data de marzo de este a\u00f1o, en el marco de la reuni\u00f3n bilateral que compartieron en el Foro de Davos, luego de que la Argentina se abstuviera de votar una resoluci\u00f3n que reclamaba la salida \u201cde inmediato y sin condiciones\u201d de las tropas del Kremlin de Ucrania.<\/p>\n\n\n\n<p>El contacto tendr\u00e1 lugar un d\u00eda antes de la reuni\u00f3n que Putin y Trump protagonizar\u00e1n en la base militar conjunta Elmendorf-Richardson, en Anchorage, para encausar las negociaciones de lugar a un alto al fuego en la escalada b\u00e9lica.<\/p>\n\n\n\n<p>La intencionalidad del republicano es concretar una encuentro tripartito que incluya a Zelenski, algo que se estima plantear\u00e1 en el intercambio del viernes que incluir\u00e1 un almuerzo de trabajo junto a los equipos de ambos mandatarios y una conferencia de prensa conjunta.<\/p>\n\n\n\n<p>Seg\u00fan trascendi\u00f3 de una importante fuente de Casa Rosada, el presidente argentino no est\u00e1 preocupado por la reuni\u00f3n entre su principal socio y el ruso dado que considera que Putin no tiene las mismas aspiraciones \u201ccolonizadoras\u201d que detectan en el presidente de la Rep\u00fablica Popular de China, Xi Jinping.<\/p>\n\n\n\n<p>\u201cLa amenaza la configura China que intenta colonizar el mundo. Rusia solo quiere reconstruir el imperio, all\u00e1, a lo lejos\u201d, se\u00f1al\u00f3 una voz con acceso al despacho presidencial.<\/p>\n\n\n\n<p>Pese a las variaciones de Trump, quien inicialmente responsabiliz\u00f3 a Zelenski por la guerra y lo tild\u00f3 de \u201cdictador\u201d, actualmente se muestra abierto a alcanzar la paz e incluso advirti\u00f3 a Rusia que impondr\u00e1 \u201cconsecuencias muy graves\u201d si no detiene el conflicto.<\/p>\n\n\n\n<p>En la previa, el ucraniano descart\u00f3 la posibilidad de que sus tropas se retiren de la regi\u00f3n del Donb\u00e1s y rechaz\u00f3 la propuesta de avanzar en un intercambio territorial con Putin al se\u00f1alar que si se retiraban de dicha regi\u00f3n, configurar\u00eda \u00abuna puerta de entrada para una nueva ofensiva\u00bb.<\/p>\n","protected":false},"excerpt":{"rendered":"<p>El presidente Javier Milei se comunicar&aacute; este mediod&iacute;a con su par de Ucrania Volod&iacute;mir Zelenski, en la previa a la cumbre que protagonizar&aacute;n el pr&oacute;ximo viernes el estadounidense Donald Trump junto al ruso Vladimir Putin en Alaska. A las 12.30 de este jueves, Milei conversar&aacute; de manera remota, algo que estila hacer, con el ucraniano [&hellip;]<\/p>\n","protected":false},"author":2,"featured_media":28186,"comment_status":"closed","ping_status":"closed","sticky":false,"template":"","format":"standard","meta":{"footnotes":""},"categories":[9,176],"tags":[5029,857,232,5447,4274,420],"class_list":["post-28185","post","type-post","status-publish","format-standard","has-post-thumbnail","hentry","category-internacionales","category-politica","tag-conversacion","tag-donald-trump","tag-javier-milei","tag-telefonica","tag-vladimir-putin","tag-volodimir-zelensky"],"_links":{"self":[{"href":"https:\/\/partediario.com.ar\/index.php?rest_route=\/wp\/v2\/posts\/28185","targetHints":{"allow":["GET"]}}],"collection":[{"href":"https:\/\/partediario.com.ar\/index.php?rest_route=\/wp\/v2\/posts"}],"about":[{"href":"https:\/\/partediario.com.ar\/index.php?rest_route=\/wp\/v2\/types\/post"}],"author":[{"embeddable":true,"href":"https:\/\/partediario.com.ar\/index.php?rest_route=\/wp\/v2\/users\/2"}],"replies":[{"embeddable":true,"href":"https:\/\/partediario.com.ar\/index.php?rest_route=%2Fwp%2Fv2%2Fcomments&post=28185"}],"version-history":[{"count":1,"href":"https:\/\/partediario.com.ar\/index.php?rest_route=\/wp\/v2\/posts\/28185\/revisions"}],"predecessor-version":[{"id":28187,"href":"https:\/\/partediario.com.ar\/index.php?rest_route=\/wp\/v2\/posts\/28185\/revisions\/28187"}],"wp:featuredmedia":[{"embeddable":true,"href":"https:\/\/partediario.com.ar\/index.php?rest_route=\/wp\/v2\/media\/28186"}],"wp:attachment":[{"href":"https:\/\/partediario.com.ar\/index.php?rest_route=%2Fwp%2Fv2%2Fmedia&parent=28185"}],"wp:term":[{"taxonomy":"category","embeddable":true,"href":"https:\/\/partediario.com.ar\/index.php?rest_route=%2Fwp%2Fv2%2Fcategories&post=28185"},{"taxonomy":"post_tag","embeddable":true,"href":"https:\/\/partediario.com.ar\/index.php?rest_route=%2Fwp%2Fv2%2Ftags&post=28185"}],"curies":[{"name":"wp","href":"https:\/\/api.w.org\/{rel}","templated":true}]}}