{"id":28189,"date":"2025-08-15T11:49:49","date_gmt":"2025-08-15T14:49:49","guid":{"rendered":"https:\/\/partediario.com.ar\/?p=28189"},"modified":"2025-08-16T11:05:34","modified_gmt":"2025-08-16T14:05:34","slug":"kreplak-le-respondio-al-gobierno-le-recuerdo-al-presidente-su-obligacion-de-no-interferir-senalo","status":"publish","type":"post","link":"https:\/\/partediario.com.ar\/?p=28189","title":{"rendered":"Kreplak le respondi\u00f3 al Gobierno: \u00abLe recuerdo al Presidente su obligaci\u00f3n de no interferir\u00bb, se\u00f1al\u00f3"},"content":{"rendered":"\n<h2 class=\"wp-block-heading\">El juez federal Ernesto Kreplak, a cargo de la investigaci\u00f3n por las muertes por fentanilo contaminado, le contest\u00f3 con dureza al Gobierno luego del vocero presidencial Manuel Adorni, que solicitaba la detenci\u00f3n del empresario Ariel Garc\u00eda Furfaro y amenazaba con recusarlo por su v\u00ednculo familiar con el ministro de Salud bonaerense.<\/h2>\n\n\n\n<p>Seg\u00fan trascendi\u00f3, el magistrado fue contundente en su r\u00e9plica: \u00abLe recuerdo al Sr. Presidente su obligaci\u00f3n constitucional de abstenerse de interferir en una causa penal en curso\u00bb, apunt\u00f3.<\/p>\n\n\n\n<p>En su mensaje, Kreplak defendi\u00f3 la investigaci\u00f3n que realiza y cuestion\u00f3 duramente la postura del Ejecutivo. \u00abSuficientes omisiones y dificultades ha debido superar la investigaci\u00f3n hasta ahora como para que, sobre ello, se pretenda politizar un trabajo judicial bien hecho\u00bb, destac\u00f3.<\/p>\n\n\n\n<p>La respuesta del juez se da horas despu\u00e9s de que la Vocer\u00eda Presidencial, a cargo de Manuel Adorni, emitiera un comunicado en el que calificaba a Garc\u00eda Furfaro como \u00abel Se\u00f1or del Fentanilo\u00bb y se\u00f1alaba que si Kreplak no ordenaba su inmediata detenci\u00f3n, lo recusar\u00eda por \u00abconflicto de intereses\u00bb, al ser hermano del ministro de Salud de Axel Kicillof, Nicol\u00e1s Kreplak, uno de los principales clientes del laboratorio investigado.<\/p>\n\n\n\n<p>El juez finaliz\u00f3 su mensaje con un pedido de mesura: \u00abRespeto por las v\u00edctimas y las instituciones\u00bb.<\/p>\n","protected":false},"excerpt":{"rendered":"<p>El juez federal Ernesto Kreplak, a cargo de la investigaci&oacute;n por las muertes por fentanilo contaminado, le contest&oacute; con dureza al Gobierno luego del vocero presidencial Manuel Adorni, que solicitaba la detenci&oacute;n del empresario Ariel Garc&iacute;a Furfaro y amenazaba con recusarlo por su v&iacute;nculo familiar con el ministro de Salud bonaerense. Seg&uacute;n trascendi&oacute;, el magistrado [&hellip;]<\/p>\n","protected":false},"author":2,"featured_media":28190,"comment_status":"closed","ping_status":"closed","sticky":false,"template":"","format":"standard","meta":{"footnotes":""},"categories":[979,5,176],"tags":[6527,2523,232,646],"class_list":["post-28189","post","type-post","status-publish","format-standard","has-post-thumbnail","hentry","category-judiciales","category-nacionales","category-politica","tag-ariel-garcia-furfaro","tag-ernesto-kreplak","tag-javier-milei","tag-manuel-adorni"],"_links":{"self":[{"href":"https:\/\/partediario.com.ar\/index.php?rest_route=\/wp\/v2\/posts\/28189","targetHints":{"allow":["GET"]}}],"collection":[{"href":"https:\/\/partediario.com.ar\/index.php?rest_route=\/wp\/v2\/posts"}],"about":[{"href":"https:\/\/partediario.com.ar\/index.php?rest_route=\/wp\/v2\/types\/post"}],"author":[{"embeddable":true,"href":"https:\/\/partediario.com.ar\/index.php?rest_route=\/wp\/v2\/users\/2"}],"replies":[{"embeddable":true,"href":"https:\/\/partediario.com.ar\/index.php?rest_route=%2Fwp%2Fv2%2Fcomments&post=28189"}],"version-history":[{"count":1,"href":"https:\/\/partediario.com.ar\/index.php?rest_route=\/wp\/v2\/posts\/28189\/revisions"}],"predecessor-version":[{"id":28191,"href":"https:\/\/partediario.com.ar\/index.php?rest_route=\/wp\/v2\/posts\/28189\/revisions\/28191"}],"wp:featuredmedia":[{"embeddable":true,"href":"https:\/\/partediario.com.ar\/index.php?rest_route=\/wp\/v2\/media\/28190"}],"wp:attachment":[{"href":"https:\/\/partediario.com.ar\/index.php?rest_route=%2Fwp%2Fv2%2Fmedia&parent=28189"}],"wp:term":[{"taxonomy":"category","embeddable":true,"href":"https:\/\/partediario.com.ar\/index.php?rest_route=%2Fwp%2Fv2%2Fcategories&post=28189"},{"taxonomy":"post_tag","embeddable":true,"href":"https:\/\/partediario.com.ar\/index.php?rest_route=%2Fwp%2Fv2%2Ftags&post=28189"}],"curies":[{"name":"wp","href":"https:\/\/api.w.org\/{rel}","templated":true}]}}