{"id":28192,"date":"2025-08-15T12:14:18","date_gmt":"2025-08-15T15:14:18","guid":{"rendered":"https:\/\/partediario.com.ar\/?p=28192"},"modified":"2025-08-16T11:05:29","modified_gmt":"2025-08-16T14:05:29","slug":"insultos-a-kicillof-en-el-lanzamiento-de-campana-en-la-plata-comunista-enano-dijo-milei","status":"publish","type":"post","link":"https:\/\/partediario.com.ar\/?p=28192","title":{"rendered":"Insultos a Kicillof en el lanzamiento de campa\u00f1a en La Plata: \u00abcomunista enano\u00bb, dijo Milei"},"content":{"rendered":"\n<h2 class=\"wp-block-heading\">El presidente Javier Milei asegur\u00f3 hoy que el kirchnerismo \u201cha convertido la provincia de Buenos Aires en una verg\u00fcenza nacional\u201d, al polarizar con el gobernador Axel Kicillof en el lanzamiento de la campa\u00f1a de La Libertad Avanza (LLA).<\/h2>\n\n\n\n<p>El distrito \u201cdeber\u00eda ser punta de lanza de la riqueza nacional pero fue transformada en un reducto de atraso\u201d, expres\u00f3 Milei al cerrar el acto que LLA llev\u00f3 a cabo en el club Atenas de la ciudad de La Plata.<\/p>\n\n\n\n<p>\u201cHan convertido la provincia de Buenos Aires en una verg\u00fcenza nacional\u201d, remarc\u00f3.<\/p>\n\n\n\n<p>Milei llam\u00f3 a \u201cponerle un freno\u201d al gobernador bonaerense, Axel Kicillof, y al \u201cmaldito kirchnerismo\u201d, y calific\u00f3 al gobernador como \u201ccomunista enano\u201d.<\/p>\n\n\n\n<p>Adem\u00e1s dijo que el peronismo \u201ctiene miedo de que lo aplasten los violetas\u201d, haciendo referencia a la LLA.<\/p>\n\n\n\n<p>Y criti\u00f3 la decisi\u00f3n de Kicillof de haber desdoblado la elecci\u00f3n para el 7 de septiembre, al se\u00f1alar que \u201cquieren que los bonaerenses de bien se queden en la casa, para que solo vayan a votar sus \u00f1oquis y la elecci\u00f3n la decida el aparato\u201d.<\/p>\n\n\n\n<p>\u201cNo es casualidad que los intendentes vayan de candidatos, a pesar de que no tengan ninguna intenci\u00f3n de asumir, lo cual es un fraude moral\u201d, se\u00f1al\u00f3 sobre las candidaturas testimoniales de Fuerza Patria.<\/p>\n","protected":false},"excerpt":{"rendered":"<p>El presidente Javier Milei asegur&oacute; hoy que el kirchnerismo &ldquo;ha convertido la provincia de Buenos Aires en una verg&uuml;enza nacional&rdquo;, al polarizar con el gobernador Axel Kicillof en el lanzamiento de la campa&ntilde;a de La Libertad Avanza (LLA). El distrito &ldquo;deber&iacute;a ser punta de lanza de la riqueza nacional pero fue transformada en un reducto [&hellip;]<\/p>\n","protected":false},"author":2,"featured_media":28193,"comment_status":"closed","ping_status":"closed","sticky":false,"template":"","format":"standard","meta":{"footnotes":""},"categories":[5,176],"tags":[1112,6528,6529,6347,232,2929,266],"class_list":["post-28192","post","type-post","status-publish","format-standard","has-post-thumbnail","hentry","category-nacionales","category-politica","tag-axel-kicillof","tag-comunista","tag-enano","tag-fuerza-patria","tag-javier-milei","tag-la-plata","tag-libertad-avanza"],"_links":{"self":[{"href":"https:\/\/partediario.com.ar\/index.php?rest_route=\/wp\/v2\/posts\/28192","targetHints":{"allow":["GET"]}}],"collection":[{"href":"https:\/\/partediario.com.ar\/index.php?rest_route=\/wp\/v2\/posts"}],"about":[{"href":"https:\/\/partediario.com.ar\/index.php?rest_route=\/wp\/v2\/types\/post"}],"author":[{"embeddable":true,"href":"https:\/\/partediario.com.ar\/index.php?rest_route=\/wp\/v2\/users\/2"}],"replies":[{"embeddable":true,"href":"https:\/\/partediario.com.ar\/index.php?rest_route=%2Fwp%2Fv2%2Fcomments&post=28192"}],"version-history":[{"count":1,"href":"https:\/\/partediario.com.ar\/index.php?rest_route=\/wp\/v2\/posts\/28192\/revisions"}],"predecessor-version":[{"id":28194,"href":"https:\/\/partediario.com.ar\/index.php?rest_route=\/wp\/v2\/posts\/28192\/revisions\/28194"}],"wp:featuredmedia":[{"embeddable":true,"href":"https:\/\/partediario.com.ar\/index.php?rest_route=\/wp\/v2\/media\/28193"}],"wp:attachment":[{"href":"https:\/\/partediario.com.ar\/index.php?rest_route=%2Fwp%2Fv2%2Fmedia&parent=28192"}],"wp:term":[{"taxonomy":"category","embeddable":true,"href":"https:\/\/partediario.com.ar\/index.php?rest_route=%2Fwp%2Fv2%2Fcategories&post=28192"},{"taxonomy":"post_tag","embeddable":true,"href":"https:\/\/partediario.com.ar\/index.php?rest_route=%2Fwp%2Fv2%2Ftags&post=28192"}],"curies":[{"name":"wp","href":"https:\/\/api.w.org\/{rel}","templated":true}]}}