{"id":2820,"date":"2024-06-18T11:11:52","date_gmt":"2024-06-18T14:11:52","guid":{"rendered":"https:\/\/partediario.com.ar\/?p=2820"},"modified":"2024-06-18T11:11:53","modified_gmt":"2024-06-18T14:11:53","slug":"las-escuelas-municipales-de-deporte-adaptado-son-un-espacio-de-integracion-e-inclusion","status":"publish","type":"post","link":"https:\/\/partediario.com.ar\/?p=2820","title":{"rendered":"Las Escuelas Municipales de Deporte Adaptado son un espacio de integraci\u00f3n e inclusi\u00f3n"},"content":{"rendered":"\n<p><strong>Infancias y adolescencias con discapacidad pueden sumarse a distintas actividades recreativas y deportivas con acceso libre y gratuito. Organiza la Municipalidad de Paran\u00e1.<\/strong><\/p>\n\n\n\n<p>La propuesta incluye actividades acu\u00e1ticas y l\u00fadico-deportivas a cargo de personal id\u00f3neo y capacitado.<\/p>\n\n\n\n<p>Organizado por la Subsecretaria de Deportes, la iniciativa se puso en marcha en abril y las clases se llevan a cabo lunes, mi\u00e9rcoles y viernes a las 15 en el Complejo Deportivo Ra\u00fal Alfons\u00edn; y nataci\u00f3n en Echag\u00fce los martes y jueves de 9 a 10.<\/p>\n\n\n\n<p>El profesor Carlos Reynoso destac\u00f3 que \u201cpracticar deportes, para las personas con discapacidades, tiene m\u00faltiples beneficios. Adem\u00e1s de mejorar la autonom\u00eda, favorece a visibilizar y trabajar en la integraci\u00f3n e inclusi\u00f3n. Hacemos diferentes actividades, encuentros, para brindarles un espacio para recrearse, ejercitarse y sociabilizar\u201d.<\/p>\n\n\n\n<p>\u201cLos beneficios que tiene hacer actividades acu\u00e1ticas son contar con movimientos, en especial a las personas con discapacidad motriz. Eso beneficia para realizar ejercicios o trasladarse de manera independiente, sin ning\u00fan tipo de asistencia. Despu\u00e9s, trabaja y estimula la parte sensorial, al margen l\u00f3gicamente de la parte l\u00fadica, recreativa y deportiva, que tambi\u00e9n contribuye, como el resto de las actividades, a mejorar la calidad de vida\u201d.<\/p>\n\n\n\n<p>Las inscripciones contin\u00faan abiertas. Se llevan a cabo en el mismo lugar de las actividades. Los requisitos son llevar fotocopia de DNI, CUD de aptitud m\u00e9dica y completar planilla.<\/p>\n","protected":false},"excerpt":{"rendered":"<p>Infancias y adolescencias con discapacidad pueden sumarse a distintas actividades recreativas y deportivas con acceso libre y gratuito. Organiza la Municipalidad de Paran&aacute;. La propuesta incluye actividades acu&aacute;ticas y l&uacute;dico-deportivas a cargo de personal id&oacute;neo y capacitado. Organizado por la Subsecretaria de Deportes, la iniciativa se puso en marcha en abril y las clases se [&hellip;]<\/p>\n","protected":false},"author":2,"featured_media":2821,"comment_status":"open","ping_status":"open","sticky":false,"template":"","format":"standard","meta":{"footnotes":""},"categories":[6],"tags":[574,573,257,210,265],"class_list":["post-2820","post","type-post","status-publish","format-standard","has-post-thumbnail","hentry","category-locales","tag-carlos-reynoso","tag-deporte-adaptado","tag-entre-rios","tag-municipalidad","tag-parana"],"_links":{"self":[{"href":"https:\/\/partediario.com.ar\/index.php?rest_route=\/wp\/v2\/posts\/2820","targetHints":{"allow":["GET"]}}],"collection":[{"href":"https:\/\/partediario.com.ar\/index.php?rest_route=\/wp\/v2\/posts"}],"about":[{"href":"https:\/\/partediario.com.ar\/index.php?rest_route=\/wp\/v2\/types\/post"}],"author":[{"embeddable":true,"href":"https:\/\/partediario.com.ar\/index.php?rest_route=\/wp\/v2\/users\/2"}],"replies":[{"embeddable":true,"href":"https:\/\/partediario.com.ar\/index.php?rest_route=%2Fwp%2Fv2%2Fcomments&post=2820"}],"version-history":[{"count":1,"href":"https:\/\/partediario.com.ar\/index.php?rest_route=\/wp\/v2\/posts\/2820\/revisions"}],"predecessor-version":[{"id":2822,"href":"https:\/\/partediario.com.ar\/index.php?rest_route=\/wp\/v2\/posts\/2820\/revisions\/2822"}],"wp:featuredmedia":[{"embeddable":true,"href":"https:\/\/partediario.com.ar\/index.php?rest_route=\/wp\/v2\/media\/2821"}],"wp:attachment":[{"href":"https:\/\/partediario.com.ar\/index.php?rest_route=%2Fwp%2Fv2%2Fmedia&parent=2820"}],"wp:term":[{"taxonomy":"category","embeddable":true,"href":"https:\/\/partediario.com.ar\/index.php?rest_route=%2Fwp%2Fv2%2Fcategories&post=2820"},{"taxonomy":"post_tag","embeddable":true,"href":"https:\/\/partediario.com.ar\/index.php?rest_route=%2Fwp%2Fv2%2Ftags&post=2820"}],"curies":[{"name":"wp","href":"https:\/\/api.w.org\/{rel}","templated":true}]}}