{"id":28214,"date":"2025-08-16T11:04:52","date_gmt":"2025-08-16T14:04:52","guid":{"rendered":"https:\/\/partediario.com.ar\/?p=28214"},"modified":"2025-08-17T13:17:06","modified_gmt":"2025-08-17T16:17:06","slug":"chapelco-el-club-lacar-denuncia-a-la-nueva-concesion-por-tarifas-y-quita-de-beneficios","status":"publish","type":"post","link":"https:\/\/partediario.com.ar\/?p=28214","title":{"rendered":"Chapelco: el Club Lacar denuncia a la nueva concesi\u00f3n por tarifas y quita de beneficios"},"content":{"rendered":"\n<h2 class=\"wp-block-heading\">Una fuerte indignaci\u00f3n se desat\u00f3 en San Mart\u00edn de los Andes, donde el hist\u00f3rico Club Lacar, junto a vecinos e instructores de esqu\u00ed, denuncia a la nueva empresa concesionaria del Cerro Chapelco por aplicar \u00abexigencias nuevas\u00bb que fueron \u00abdesconocidas desde un primer momento\u00bb, seg\u00fan asegur\u00f3 Enrique Bartolom\u00e9, representante de la instituci\u00f3n.<\/h2>\n\n\n\n<p>La principal queja es la implementaci\u00f3n de una tarifa \u00fanica que encarece el acceso a la monta\u00f1a. \u00abCualquier persona que quiera acceder al cerro tiene solamente una sola tarifa que es diaria, la tarifa plana de 120.000 pesos\u00bb, detall\u00f3 Bartolom\u00e9, y a\u00f1adi\u00f3 que los valores son \u00abalt\u00edsimos, los m\u00e1s altos de la regi\u00f3n\u00bb.<\/p>\n\n\n\n<p>En di\u00e1logo con Noticias 7, Bartolom\u00e9 explic\u00f3 que las nuevas condiciones se aplicaron en medio de la temporada y sin comunicaci\u00f3n previa, afectando directamente el funcionamiento del club y el desarrollo del deporte local y nacional.<\/p>\n\n\n\n<p>Fin de los pases especiales: El referente del club denunci\u00f3 que \u00abse sacaron tambi\u00e9n los pases de jubilados, se sacaron los pases de deportistas, por ejemplo, para ol\u00edmpicos que ten\u00edan siempre acceso por discapacidad, ya no tienen m\u00e1s ese beneficio\u00bb.<\/p>\n\n\n\n<p>Sin pases de temporada: La eliminaci\u00f3n de los abonos por temporada es una de las cr\u00edticas m\u00e1s duras, ya que impide el entrenamiento de atletas. \u00abLa gente que necesita subir para entrenar o para distintas competencias (\u2026) no pueden acceder por los valores\u00bb, destac\u00f3.<\/p>\n\n\n\n<p>Sin descuentos por d\u00eda: Tampoco \u00abhay ning\u00fan tipo de baja cuando uno quiere sacar varios d\u00edas\u00bb.<\/p>\n\n\n\n<p>A pesar del conflicto, Bartolom\u00e9 afirm\u00f3 que el club desea el \u00e9xito del cerro: \u00abQueremos que les vaya bien, si le va bien a Chapelco nos va bien a todos\u00bb. No obstante, la situaci\u00f3n los oblig\u00f3 a tomar medidas. \u00abEstamos encabezando un reclamo a trav\u00e9s de un recurso de impugnaci\u00f3n que se hizo en el ministerio\u00bb, mencion\u00f3, porque \u00abel deporte en general se ve perjudicado y comprometido con este nuevo marco tarifario\u00bb.<\/p>\n\n\n\n<p>El club pide suspender la concesi\u00f3n, argumentando que no fueron incluidos en las consultas previas. Mientras tanto, desde el Gobierno de Neuqu\u00e9n recordaron que una acci\u00f3n de amparo anterior ya fue rechazada por la Justicia por considerarse \u00abinadmisible\u00bb.<\/p>\n","protected":false},"excerpt":{"rendered":"<p>Una fuerte indignaci&oacute;n se desat&oacute; en San Mart&iacute;n de los Andes, donde el hist&oacute;rico Club Lacar, junto a vecinos e instructores de esqu&iacute;, denuncia a la nueva empresa concesionaria del Cerro Chapelco por aplicar &laquo;exigencias nuevas&raquo; que fueron &laquo;desconocidas desde un primer momento&raquo;, seg&uacute;n asegur&oacute; Enrique Bartolom&eacute;, representante de la instituci&oacute;n. La principal queja es [&hellip;]<\/p>\n","protected":false},"author":2,"featured_media":28215,"comment_status":"closed","ping_status":"closed","sticky":false,"template":"","format":"standard","meta":{"footnotes":""},"categories":[8,726],"tags":[6541,6542,6317,6544,6543],"class_list":["post-28214","post","type-post","status-publish","format-standard","has-post-thumbnail","hentry","category-provinciales","category-sociedad","tag-clapelco","tag-club-lacar","tag-conflicto","tag-enrique-bartolome","tag-san-martin-de-los-andes"],"_links":{"self":[{"href":"https:\/\/partediario.com.ar\/index.php?rest_route=\/wp\/v2\/posts\/28214","targetHints":{"allow":["GET"]}}],"collection":[{"href":"https:\/\/partediario.com.ar\/index.php?rest_route=\/wp\/v2\/posts"}],"about":[{"href":"https:\/\/partediario.com.ar\/index.php?rest_route=\/wp\/v2\/types\/post"}],"author":[{"embeddable":true,"href":"https:\/\/partediario.com.ar\/index.php?rest_route=\/wp\/v2\/users\/2"}],"replies":[{"embeddable":true,"href":"https:\/\/partediario.com.ar\/index.php?rest_route=%2Fwp%2Fv2%2Fcomments&post=28214"}],"version-history":[{"count":1,"href":"https:\/\/partediario.com.ar\/index.php?rest_route=\/wp\/v2\/posts\/28214\/revisions"}],"predecessor-version":[{"id":28216,"href":"https:\/\/partediario.com.ar\/index.php?rest_route=\/wp\/v2\/posts\/28214\/revisions\/28216"}],"wp:featuredmedia":[{"embeddable":true,"href":"https:\/\/partediario.com.ar\/index.php?rest_route=\/wp\/v2\/media\/28215"}],"wp:attachment":[{"href":"https:\/\/partediario.com.ar\/index.php?rest_route=%2Fwp%2Fv2%2Fmedia&parent=28214"}],"wp:term":[{"taxonomy":"category","embeddable":true,"href":"https:\/\/partediario.com.ar\/index.php?rest_route=%2Fwp%2Fv2%2Fcategories&post=28214"},{"taxonomy":"post_tag","embeddable":true,"href":"https:\/\/partediario.com.ar\/index.php?rest_route=%2Fwp%2Fv2%2Ftags&post=28214"}],"curies":[{"name":"wp","href":"https:\/\/api.w.org\/{rel}","templated":true}]}}