{"id":2823,"date":"2024-06-18T11:17:00","date_gmt":"2024-06-18T14:17:00","guid":{"rendered":"https:\/\/partediario.com.ar\/?p=2823"},"modified":"2024-06-19T11:01:12","modified_gmt":"2024-06-19T14:01:12","slug":"continua-el-ciclo-parana-se-cuenta","status":"publish","type":"post","link":"https:\/\/partediario.com.ar\/?p=2823","title":{"rendered":"Contin\u00faa el ciclo Paran\u00e1 se Cuenta"},"content":{"rendered":"\n<h3 class=\"wp-block-heading\">Ser\u00e1 este jueves 20 de junio a las 18 en el Centro de Promoci\u00f3n de Lectura Rosa y Dorada. La propuesta est\u00e1 dedicada a la historia de la ciudad rumbo al 211\u00b0 aniversario de su ascensi\u00f3n a villa. Organiza la Editorial Municipal Paran\u00e1.<\/h3>\n\n\n\n<p>La profesora Griselda De Paoli ser\u00e1 la disertante con \u201cMemoria Ciudadana. Reflexionar sobre nosotros mismos\u201d.<\/p>\n\n\n\n<p>La actividad contar\u00e1 con servicio gastron\u00f3mico y es de acceso libre y gratuito hasta agotar capacidad.<\/p>\n\n\n\n<p>Reservar lugar en <a href=\"http:\/\/forms.gle\/2nb4bP83LJ57RyZr7\">http:\/\/forms.gle\/2nb4bP83LJ57RyZr7<\/a><\/p>\n\n\n\n<p><strong>Sobre la charla de este jueves<\/strong><\/p>\n\n\n\n<p>\u201cEn 2013, con motivo de los 200 a\u00f1os de creaci\u00f3n de la Villa de la Bajada, con un equipo avanzamos en rescatar, resguardar y difundir la historia viva en la memoria de los protagonistas de la vida ciudadana como testigos del devenir paranaense y regional, creando fuentes all\u00ed donde est\u00e1n los silencios de la historia, donde la documentaci\u00f3n es escasa o insuficiente para recuperar la del tiempo cercano, la del hacer cotidiano, la de los barrios y la de los personajes, etc.\u201d, narra De Paoli para introducir al eje de su exposici\u00f3n.<\/p>\n\n\n\n<p>\u201cEl proyecto produjo, un video de s\u00edntesis, una publicaci\u00f3n en formato de revista y un Archivo de la Palabra ciudadana que fue entregado al Museo C\u00e9sar Blas P\u00e9rez Colman, con las entrevistas indizadas para la consulta\u201d, agrega. Y concluye: \u201cQueremos contar esta experiencia en torno al rescate oral y su valor para la historia y conversar sobre la importancia de la memoria ciudadana, enfoc\u00e1ndonos en nuestra ciudad como continente del espacio p\u00fablico, lugar de la convivencia en el que convergen grupos heterog\u00e9neos en multiplicidad de actividades\u201d.<\/p>\n\n\n\n<p>El objetivo de Paran\u00e1 se Cuenta es narrar cada jueves un episodio, una glosa o una sucesi\u00f3n de hechos significativos en la historia de la ciudad, poniendo en valor su rol fundamental en la construcci\u00f3n de la Confederaci\u00f3n Argentina, la Constituci\u00f3n Nacional y en la conciencia de una deuda hist\u00f3rica en el pa\u00eds: el federalismo.<\/p>\n\n\n\n<p><\/p>\n\n\n\n<figure class=\"wp-block-image size-full\"><img loading=\"lazy\" decoding=\"async\" width=\"760\" height=\"427\" src=\"https:\/\/partediario.com.ar\/wp-content\/uploads\/99f68a3020280f1e6b844cb15259f3d4.jpg\" alt=\"\" class=\"wp-image-2824\" srcset=\"https:\/\/partediario.com.ar\/wp-content\/uploads\/99f68a3020280f1e6b844cb15259f3d4.jpg 760w, https:\/\/partediario.com.ar\/wp-content\/uploads\/99f68a3020280f1e6b844cb15259f3d4-300x169.jpg 300w\" sizes=\"auto, (max-width: 760px) 100vw, 760px\" \/><\/figure>\n","protected":false},"excerpt":{"rendered":"<p>Ser&aacute; este jueves 20 de junio a las 18 en el Centro de Promoci&oacute;n de Lectura Rosa y Dorada. La propuesta est&aacute; dedicada a la historia de la ciudad rumbo al 211&deg; aniversario de su ascensi&oacute;n a villa. Organiza la Editorial Municipal Paran&aacute;. La profesora Griselda De Paoli ser&aacute; la disertante con &ldquo;Memoria Ciudadana. Reflexionar [&hellip;]<\/p>\n","protected":false},"author":2,"featured_media":2825,"comment_status":"open","ping_status":"open","sticky":false,"template":"","format":"standard","meta":{"footnotes":""},"categories":[6],"tags":[579,575,257,577,578,265,576],"class_list":["post-2823","post","type-post","status-publish","format-standard","has-post-thumbnail","hentry","category-locales","tag-cesar-blas-perez-colman","tag-ciclo","tag-entre-rios","tag-griselda-de-paoli","tag-museo","tag-parana","tag-parana-se-cuenta"],"_links":{"self":[{"href":"https:\/\/partediario.com.ar\/index.php?rest_route=\/wp\/v2\/posts\/2823","targetHints":{"allow":["GET"]}}],"collection":[{"href":"https:\/\/partediario.com.ar\/index.php?rest_route=\/wp\/v2\/posts"}],"about":[{"href":"https:\/\/partediario.com.ar\/index.php?rest_route=\/wp\/v2\/types\/post"}],"author":[{"embeddable":true,"href":"https:\/\/partediario.com.ar\/index.php?rest_route=\/wp\/v2\/users\/2"}],"replies":[{"embeddable":true,"href":"https:\/\/partediario.com.ar\/index.php?rest_route=%2Fwp%2Fv2%2Fcomments&post=2823"}],"version-history":[{"count":1,"href":"https:\/\/partediario.com.ar\/index.php?rest_route=\/wp\/v2\/posts\/2823\/revisions"}],"predecessor-version":[{"id":2826,"href":"https:\/\/partediario.com.ar\/index.php?rest_route=\/wp\/v2\/posts\/2823\/revisions\/2826"}],"wp:featuredmedia":[{"embeddable":true,"href":"https:\/\/partediario.com.ar\/index.php?rest_route=\/wp\/v2\/media\/2825"}],"wp:attachment":[{"href":"https:\/\/partediario.com.ar\/index.php?rest_route=%2Fwp%2Fv2%2Fmedia&parent=2823"}],"wp:term":[{"taxonomy":"category","embeddable":true,"href":"https:\/\/partediario.com.ar\/index.php?rest_route=%2Fwp%2Fv2%2Fcategories&post=2823"},{"taxonomy":"post_tag","embeddable":true,"href":"https:\/\/partediario.com.ar\/index.php?rest_route=%2Fwp%2Fv2%2Ftags&post=2823"}],"curies":[{"name":"wp","href":"https:\/\/api.w.org\/{rel}","templated":true}]}}