{"id":28245,"date":"2025-08-18T10:54:41","date_gmt":"2025-08-18T13:54:41","guid":{"rendered":"https:\/\/partediario.com.ar\/?p=28245"},"modified":"2025-08-19T20:53:40","modified_gmt":"2025-08-19T23:53:40","slug":"pj-de-salta-cierre-de-listas-complicada","status":"publish","type":"post","link":"https:\/\/partediario.com.ar\/?p=28245","title":{"rendered":"PJ de Salta: cierre de listas complicada"},"content":{"rendered":"\n<h2 class=\"wp-block-heading\">Urtubey se qued\u00f3 con la candidatura de Fuerza Patria y Leavy ir\u00e1 por su cuenta. El ex gobernador sell\u00f3 con una postulaci\u00f3n su cercan\u00eda con la ex presidenta Cristina Kirchner.<\/h2>\n\n\n\n<p>El espacio Fuerza Patria tuvo este domingo un cierre complicado en medio de una disputa entre Juan Manuel Urtubey y el senador Sergio \u201cOso\u201d Leavy por la postulaci\u00f3n a la C\u00e1mara alta, que finalmente fue para el ex gobernador de Salta.<\/p>\n\n\n\n<p>La candidatura de Urtubey ya hab\u00eda sido instalada desde semanas atr\u00e1s, pero en las \u00faltimas horas Leavy rechaz\u00f3 la idea y inici\u00f3 un camino de cara a la b\u00fasqueda de respaldos para volver a pelear por un lugar en el Senado.<\/p>\n\n\n\n<p>Las negociaciones se realizaron a contrarreloj y en Salta las siguieron de cerca los interventores del PJ local, Sergio Berni y Mar\u00eda Luz Alonso.<\/p>\n\n\n\n<p>Tras varias horas de discusi\u00f3n, Urtubey se qued\u00f3 con la postulaci\u00f3n de Fuerza Patria, lo que marc\u00f3 su acercamiento definitivo con la ex presidenta Cristina Kirchner tras a\u00f1os de divisi\u00f3n.<\/p>\n\n\n\n<p>Por su parte, Leavy se abri\u00f3 del espacio y anunci\u00f3 que presentar\u00e1 una lista por fuera llamada Partido de la Victoria para intentar revalidar su lugar en la C\u00e1mara alta.<\/p>\n\n\n\n<p>Para la categor\u00eda Diputados nacionales, actual legislador Emiliano Estrada fue elegido para liderar la boleta de Fuerza Patria.<\/p>\n","protected":false},"excerpt":{"rendered":"<p>Urtubey se qued&oacute; con la candidatura de Fuerza Patria y Leavy ir&aacute; por su cuenta. El ex gobernador sell&oacute; con una postulaci&oacute;n su cercan&iacute;a con la ex presidenta Cristina Kirchner. El espacio Fuerza Patria tuvo este domingo un cierre complicado en medio de una disputa entre Juan Manuel Urtubey y el senador Sergio &ldquo;Oso&rdquo; Leavy [&hellip;]<\/p>\n","protected":false},"author":2,"featured_media":28246,"comment_status":"closed","ping_status":"closed","sticky":false,"template":"","format":"standard","meta":{"footnotes":""},"categories":[5,176],"tags":[518,6347,6569,1087,6570],"class_list":["post-28245","post","type-post","status-publish","format-standard","has-post-thumbnail","hentry","category-nacionales","category-politica","tag-cristina-kirchner","tag-fuerza-patria","tag-juan-manuel-urtubey","tag-salta","tag-sergio-levy"],"_links":{"self":[{"href":"https:\/\/partediario.com.ar\/index.php?rest_route=\/wp\/v2\/posts\/28245","targetHints":{"allow":["GET"]}}],"collection":[{"href":"https:\/\/partediario.com.ar\/index.php?rest_route=\/wp\/v2\/posts"}],"about":[{"href":"https:\/\/partediario.com.ar\/index.php?rest_route=\/wp\/v2\/types\/post"}],"author":[{"embeddable":true,"href":"https:\/\/partediario.com.ar\/index.php?rest_route=\/wp\/v2\/users\/2"}],"replies":[{"embeddable":true,"href":"https:\/\/partediario.com.ar\/index.php?rest_route=%2Fwp%2Fv2%2Fcomments&post=28245"}],"version-history":[{"count":1,"href":"https:\/\/partediario.com.ar\/index.php?rest_route=\/wp\/v2\/posts\/28245\/revisions"}],"predecessor-version":[{"id":28247,"href":"https:\/\/partediario.com.ar\/index.php?rest_route=\/wp\/v2\/posts\/28245\/revisions\/28247"}],"wp:featuredmedia":[{"embeddable":true,"href":"https:\/\/partediario.com.ar\/index.php?rest_route=\/wp\/v2\/media\/28246"}],"wp:attachment":[{"href":"https:\/\/partediario.com.ar\/index.php?rest_route=%2Fwp%2Fv2%2Fmedia&parent=28245"}],"wp:term":[{"taxonomy":"category","embeddable":true,"href":"https:\/\/partediario.com.ar\/index.php?rest_route=%2Fwp%2Fv2%2Fcategories&post=28245"},{"taxonomy":"post_tag","embeddable":true,"href":"https:\/\/partediario.com.ar\/index.php?rest_route=%2Fwp%2Fv2%2Ftags&post=28245"}],"curies":[{"name":"wp","href":"https:\/\/api.w.org\/{rel}","templated":true}]}}