{"id":28260,"date":"2025-08-19T20:35:16","date_gmt":"2025-08-19T23:35:16","guid":{"rendered":"https:\/\/partediario.com.ar\/?p=28260"},"modified":"2025-08-20T22:21:07","modified_gmt":"2025-08-21T01:21:07","slug":"nuevos-paros-escalonados-de-los-controladores-aereos-partir-del-22-de-agosto","status":"publish","type":"post","link":"https:\/\/partediario.com.ar\/?p=28260","title":{"rendered":"Nuevos paros escalonados de los controladores a\u00e9reos partir del 22 de agosto"},"content":{"rendered":"\n<h2 class=\"wp-block-heading\">Pasado el vencimiento de la conciliaci\u00f3n obligatoria dictada por la Secretar\u00eda de Trabajo, el gremio de controladores a\u00e9reos Atepsa (Asociaci\u00f3n T\u00e9cnicos y Empleados de Protecci\u00f3n y Seguridad a la Aeronavegaci\u00f3n), inform\u00f3 un nuevo cronograma de medidas de fuerza que comenzar\u00e1 el pr\u00f3ximo 22 de agosto y se extender\u00eda hasta fin de mes.<\/h2>\n\n\n\n<p>No obstante, desde la empresa estatal admitieron que el conflicto gremial viene de larga data y se\u00f1alaron que se hicieron \u201cpropuestas concretas\u201d, pero que por motivos no aclarados no hubo acuerdo hasta el momento, pero que siguen negociando con el gremio para alcanzar un acuerdo paritario.<\/p>\n\n\n\n<p>Fuentes oficiales indicaron que la entidad gremial anunci\u00f3 un cronograma de medidas de fuerza que pretenden extenderse durante 5 jornadas, en distintas franjas horarias de 3 horas, las cuales llegan a alcanzar hasta 6 horas diarias.<\/p>\n\n\n\n<p>\u201cSe sigue trabajando frente a un conflicto gremial que viene desde hace un tiempo, con distintas amenazas del sindicato. EANA efectu\u00f3 varias propuestas concretas y por diversas cuestiones que no quedan claras no se llega a un acuerdo\u201d, destacaron.<\/p>\n\n\n\n<p>Sin embargo, aclararon que \u201cen caso de que no se llegue a un acuerdo, los vuelos afectados por estas acciones en esas franjas podr\u00e1n ser reprogramados por las l\u00edneas a\u00e9reas y confirmaron que lLas medidas no afectan a los vuelos sanitarios ni al servicio de B\u00fasqueda y Salvamento Aeron\u00e1utico (SAR)\u201d.<\/p>\n\n\n\n<p>La decisi\u00f3n gremial se da ante la falta de acuerdo en la negociaci\u00f3n paritaria con la Empresa Argentina de Navegaci\u00f3n A\u00e9rea (EANA), luego de m\u00faltiples audiencias sin avances.<\/p>\n\n\n\n<p><strong>El plan de acci\u00f3n<\/strong><\/p>\n\n\n\n<p><strong>El esquema de medidas de fuerza prev\u00e9 cinco jornadas de paro parcial los d\u00edas:<\/strong><\/p>\n\n\n\n<ul class=\"wp-block-list\">\n<li>Viernes 22 de agosto<\/li>\n\n\n\n<li>Domingo 24 de agosto<\/li>\n\n\n\n<li>Martes 26 de agosto<\/li>\n\n\n\n<li>Jueves 28 de agosto<\/li>\n\n\n\n<li>S\u00e1bado 30 de agosto<\/li>\n<\/ul>\n\n\n\n<p><strong>Cada d\u00eda, las restricciones se aplicar\u00e1n en dos franjas horarias cr\u00edticas:<\/strong><\/p>\n\n\n\n<ul class=\"wp-block-list\">\n<li>Entre las 13 y las 16<\/li>\n\n\n\n<li>Entre las 19 y las 22<\/li>\n<\/ul>\n\n\n\n<p>De acuerdo al sindicato, las medidas afectar\u00e1n exclusivamente los despegues de aeronaves, al suspenderse las autorizaciones y la gesti\u00f3n de planes de vuelo en esos lapsos.<\/p>\n\n\n\n<p>En un comunicado, Atepsa se\u00f1al\u00f3: \u201cFinalizada la segunda conciliaci\u00f3n obligatoria, incluida su pr\u00f3rroga, y ante la persistente negativa de las autoridades de presentar una propuesta salarial sin condicionamientos, informamos que el pasado 13 de agosto se present\u00f3 formalmente el nuevo cronograma de medidas leg\u00edtimas de acci\u00f3n sindical, aprobado por unanimidad en el Plenario Nacional de Delegados\u201d.<\/p>\n\n\n\n<p>El sindicato advirti\u00f3 que la \u00fanica forma de levantar las medidas es que se presente una propuesta salarial \u201cdecente\u201d.<\/p>\n\n\n\n<p>El conflicto se da en un sector considerado servicio p\u00fablico esencial, por lo que las medidas de fuerza fueron previamente notificadas y consensuadas con las autoridades.<\/p>\n\n\n\n<p>En julio pasado, ante el riesgo de paros durante las vacaciones de invierno, la Secretar\u00eda de Trabajo hab\u00eda dictado una conciliaci\u00f3n obligatoria por 15 d\u00edas, sin embargo la mediaci\u00f3n fracas\u00f3.<\/p>\n\n\n\n<p>El Gobierno hab\u00eda ofrecido una pauta salarial en torno al 1% mensual, en l\u00ednea con el resto del sector p\u00fablico, propuesta rechazada por el gremio.<\/p>\n\n\n\n<p>En la actualidad, m\u00e1s de 1.200 vuelos semanales atraviesan el espacio a\u00e9reo argentino. La aplicaci\u00f3n del plan de lucha podr\u00eda generar fuertes demoras y reprogramaciones en vuelos de cabotaje e internacionales, espec\u00edficamente en las franjas de mayor movimiento.<\/p>\n","protected":false},"excerpt":{"rendered":"<p>Pasado el vencimiento de la conciliaci&oacute;n obligatoria dictada por la Secretar&iacute;a de Trabajo, el gremio de controladores a&eacute;reos Atepsa (Asociaci&oacute;n T&eacute;cnicos y Empleados de Protecci&oacute;n y Seguridad a la Aeronavegaci&oacute;n), inform&oacute; un nuevo cronograma de medidas de fuerza que comenzar&aacute; el pr&oacute;ximo 22 de agosto y se extender&iacute;a hasta fin de mes. No obstante, desde [&hellip;]<\/p>\n","protected":false},"author":2,"featured_media":28261,"comment_status":"closed","ping_status":"closed","sticky":false,"template":"","format":"standard","meta":{"footnotes":""},"categories":[978,5],"tags":[4200,4201,4199,6310,1186,1642,4606],"class_list":["post-28260","post","type-post","status-publish","format-standard","has-post-thumbnail","hentry","category-gremiales","category-nacionales","tag-aereos","tag-atepsa","tag-controladores","tag-eana","tag-fuerza","tag-medidas","tag-nuevas"],"_links":{"self":[{"href":"https:\/\/partediario.com.ar\/index.php?rest_route=\/wp\/v2\/posts\/28260","targetHints":{"allow":["GET"]}}],"collection":[{"href":"https:\/\/partediario.com.ar\/index.php?rest_route=\/wp\/v2\/posts"}],"about":[{"href":"https:\/\/partediario.com.ar\/index.php?rest_route=\/wp\/v2\/types\/post"}],"author":[{"embeddable":true,"href":"https:\/\/partediario.com.ar\/index.php?rest_route=\/wp\/v2\/users\/2"}],"replies":[{"embeddable":true,"href":"https:\/\/partediario.com.ar\/index.php?rest_route=%2Fwp%2Fv2%2Fcomments&post=28260"}],"version-history":[{"count":1,"href":"https:\/\/partediario.com.ar\/index.php?rest_route=\/wp\/v2\/posts\/28260\/revisions"}],"predecessor-version":[{"id":28262,"href":"https:\/\/partediario.com.ar\/index.php?rest_route=\/wp\/v2\/posts\/28260\/revisions\/28262"}],"wp:featuredmedia":[{"embeddable":true,"href":"https:\/\/partediario.com.ar\/index.php?rest_route=\/wp\/v2\/media\/28261"}],"wp:attachment":[{"href":"https:\/\/partediario.com.ar\/index.php?rest_route=%2Fwp%2Fv2%2Fmedia&parent=28260"}],"wp:term":[{"taxonomy":"category","embeddable":true,"href":"https:\/\/partediario.com.ar\/index.php?rest_route=%2Fwp%2Fv2%2Fcategories&post=28260"},{"taxonomy":"post_tag","embeddable":true,"href":"https:\/\/partediario.com.ar\/index.php?rest_route=%2Fwp%2Fv2%2Ftags&post=28260"}],"curies":[{"name":"wp","href":"https:\/\/api.w.org\/{rel}","templated":true}]}}