{"id":28266,"date":"2025-08-19T20:46:53","date_gmt":"2025-08-19T23:46:53","guid":{"rendered":"https:\/\/partediario.com.ar\/?p=28266"},"modified":"2025-08-20T22:20:59","modified_gmt":"2025-08-21T01:20:59","slug":"bullrich-y-alonso-se-cruzaron-por-la-edad-de-imputabilidad-tras-un-crimen-en-la-matanza","status":"publish","type":"post","link":"https:\/\/partediario.com.ar\/?p=28266","title":{"rendered":"Bullrich y Alonso se cruzaron por la edad de imputabilidad tras un crimen en La Matanza"},"content":{"rendered":"\n<h2 class=\"wp-block-heading\">La ministra de Seguridad, Patricia Bullrich, y su par bonaerense, Javier Alonso mantuvieron un fuerte cruce en las redes, este martes por la edad de imputabilidad luego del crimen de Rita Su\u00e1rez en Villa Luzuriaga, en un hecho en el que estuvieron involucrados dos menores que hab\u00edan participado de un robo.<\/h2>\n\n\n\n<p>\u201cEl kirchnerismo no solo protege a los delincuentes, adem\u00e1s bloquea cualquier discusi\u00f3n sobre la baja de la edad de imputabilidad\u201d, critic\u00f3 la ministra, quien caracteriz\u00f3 como \u201cbrutal\u201d el crimen de Su\u00e1rez y tild\u00f3 de \u201cin\u00fatil\u201d al gobernador bonaerense, Axel Kicillof.<\/p>\n\n\n\n<p><\/p>\n\n\n\n<blockquote class=\"twitter-tweet\"><p lang=\"es\" dir=\"ltr\">Tres delincuentes, dos menores de 17 y uno de 19, asesinaron a Rita frente a su hijo adolescente para robarle el auto en La Matanza. <br><br>Despu\u00e9s de dispararle a quemarropa, fueron a un supermercado como si nada. Ahora ya est\u00e1n identificados, y fueron entregados por sus propias\u2026 <a href=\"https:\/\/t.co\/7lOjjlUoCo\">pic.twitter.com\/7lOjjlUoCo<\/a><\/p>&mdash; Patricia Bullrich (@PatoBullrich) <a href=\"https:\/\/twitter.com\/PatoBullrich\/status\/1957818699240345822?ref_src=twsrc%5Etfw\">August 19, 2025<\/a><\/blockquote> <script async src=\"https:\/\/platform.twitter.com\/widgets.js\" charset=\"utf-8\"><\/script>\n\n\n\n<p><\/p>\n\n\n\n<p>La funcionaria nacional se\u00f1al\u00f3, que los argentinos \u201cde bien\u201d siguen \u201centerrando\u201d a sus seres queridos y utiliz\u00f3 el slogan de campa\u00f1a \u201cKircherismo Nunca M\u00e1s\u201d.<\/p>\n\n\n\n<p>Adem\u00e1s, la flamante candidata a senadora nacional por la Ciudad denunci\u00f3 desde sus redes sociales que los j\u00f3venes de 17 y 19 a\u00f1os detenidos por la Polic\u00eda Bonaerense ahora est\u00e1n intentando \u201czafar\u201d responsabilizando a \u201cun menor\u201d.<\/p>\n\n\n\n<p>\u201cEn la Provincia kirchnerista de Buenos Aires, un asesino de 17 a\u00f1os puede robar, matar y despu\u00e9s irse a dormir como si nada\u201d, apunt\u00f3 Bullrich, al reabrir el debate por la edad de imputabilidad.<\/p>\n\n\n\n<p><\/p>\n\n\n\n<blockquote class=\"twitter-tweet\"><p lang=\"es\" dir=\"ltr\">Bullrich mentirosa e irresponsable.<br><br>Primero, honrar la verdad: en la Provincia de Buenos Aires los menores de 17 a\u00f1os son punibles por la ley cuando cometen delitos graves.<br><br>Segundo, el homicidio fue esclarecido y los responsables fueron detenidos por la Polic\u00eda de la provincia\u2026<\/p>&mdash; Javier Alonso (@JaviAlonsook) <a href=\"https:\/\/twitter.com\/JaviAlonsook\/status\/1957897158876856676?ref_src=twsrc%5Etfw\">August 19, 2025<\/a><\/blockquote> <script async src=\"https:\/\/platform.twitter.com\/widgets.js\" charset=\"utf-8\"><\/script>\n\n\n\n<p><\/p>\n\n\n\n<p>\u201cBullrich mentirosa e irresponsable\u201d, contest\u00f3 Alonso horas m\u00e1s tarde, y aclar\u00f3 que en la provincia de Buenos Aires \u201clos menores de 17 a\u00f1os son punibles por la ley cuando cometen delitos graves\u201d.<\/p>\n\n\n\n<p>\u201cResulta miserable apropiarse del dolor de las v\u00edctimas para hacer campa\u00f1a electoral junto al vergonzoso slogan impulsado por (Javier) Milei\u201d, destac\u00f3 el funcionario, quien le pidi\u00f3 Bullrich que se \u201cocupe\u201d trabajar por la Seguridad si \u201ctodav\u00eda es ministra\u201d.<\/p>\n\n\n\n<p>Y agreg\u00f3 que: \u201cSi realmente le preocupan las v\u00edctimas, oc\u00fapese -si es que todav\u00eda es ministra- de trabajar por la seguridad. O tenga la dignidad de renunciar para ser candidata y lavarse las manos definitivamente\u201d.<\/p>\n","protected":false},"excerpt":{"rendered":"<p>La ministra de Seguridad, Patricia Bullrich, y su par bonaerense, Javier Alonso mantuvieron un fuerte cruce en las redes, este martes por la edad de imputabilidad luego del crimen de Rita Su&aacute;rez en Villa Luzuriaga, en un hecho en el que estuvieron involucrados dos menores que hab&iacute;an participado de un robo. &ldquo;El kirchnerismo no solo [&hellip;]<\/p>\n","protected":false},"author":2,"featured_media":28267,"comment_status":"closed","ping_status":"closed","sticky":false,"template":"","format":"standard","meta":{"footnotes":""},"categories":[5,176],"tags":[3092,1268,5026,935,510],"class_list":["post-28266","post","type-post","status-publish","format-standard","has-post-thumbnail","hentry","category-nacionales","category-politica","tag-cruce","tag-imputabilidad","tag-javier-alonso","tag-menores","tag-patricia-bullrich"],"_links":{"self":[{"href":"https:\/\/partediario.com.ar\/index.php?rest_route=\/wp\/v2\/posts\/28266","targetHints":{"allow":["GET"]}}],"collection":[{"href":"https:\/\/partediario.com.ar\/index.php?rest_route=\/wp\/v2\/posts"}],"about":[{"href":"https:\/\/partediario.com.ar\/index.php?rest_route=\/wp\/v2\/types\/post"}],"author":[{"embeddable":true,"href":"https:\/\/partediario.com.ar\/index.php?rest_route=\/wp\/v2\/users\/2"}],"replies":[{"embeddable":true,"href":"https:\/\/partediario.com.ar\/index.php?rest_route=%2Fwp%2Fv2%2Fcomments&post=28266"}],"version-history":[{"count":1,"href":"https:\/\/partediario.com.ar\/index.php?rest_route=\/wp\/v2\/posts\/28266\/revisions"}],"predecessor-version":[{"id":28268,"href":"https:\/\/partediario.com.ar\/index.php?rest_route=\/wp\/v2\/posts\/28266\/revisions\/28268"}],"wp:featuredmedia":[{"embeddable":true,"href":"https:\/\/partediario.com.ar\/index.php?rest_route=\/wp\/v2\/media\/28267"}],"wp:attachment":[{"href":"https:\/\/partediario.com.ar\/index.php?rest_route=%2Fwp%2Fv2%2Fmedia&parent=28266"}],"wp:term":[{"taxonomy":"category","embeddable":true,"href":"https:\/\/partediario.com.ar\/index.php?rest_route=%2Fwp%2Fv2%2Fcategories&post=28266"},{"taxonomy":"post_tag","embeddable":true,"href":"https:\/\/partediario.com.ar\/index.php?rest_route=%2Fwp%2Fv2%2Ftags&post=28266"}],"curies":[{"name":"wp","href":"https:\/\/api.w.org\/{rel}","templated":true}]}}