{"id":28269,"date":"2025-08-19T20:53:06","date_gmt":"2025-08-19T23:53:06","guid":{"rendered":"https:\/\/partediario.com.ar\/?p=28269"},"modified":"2025-08-20T22:20:54","modified_gmt":"2025-08-21T01:20:54","slug":"milei-encabezara-el-lunes-proximo-el-acto-partidario-en-junin-que-habia-sido-suspendido-por-las-inclemencias-climaticas","status":"publish","type":"post","link":"https:\/\/partediario.com.ar\/?p=28269","title":{"rendered":"Milei encabezar\u00e1 el lunes pr\u00f3ximo el acto partidario en Jun\u00edn que hab\u00eda sido suspendido por las inclemencias clim\u00e1ticas"},"content":{"rendered":"\n<h2 class=\"wp-block-heading\">El presidente Javier Milei reprogram\u00f3 para el pr\u00f3ximo lunes el acto de campa\u00f1a de La Libertad Avanza (LLA), que ten\u00eda previsto para hoy en Jun\u00edn y que debi\u00f3 posponerse debido al pron\u00f3stico de tormentas en la Ciudad y la provincia de Buenos Aires.<\/h2>\n\n\n\n<p>Seg\u00fan se supo de fuentes oficiales, Milei presentar\u00e1 el lunes pr\u00f3ximo en el Teatro San Carlos a los candidatos de la boleta de LLA para diputados nacionales por la provincia de cara a las elecciones del 26 de octubre.<\/p>\n\n\n\n<p>Junto al mandatario en el Teatro San Carlos, estar\u00e1n tambi\u00e9n los candidatos Jos\u00e9 Luis Espert; la ex vedette Karen Reichardt; el diputado del PRO Diego Santilli; la ex funcionaria Gladys Humenuk y el armador libertario Sebasti\u00e1n Pareja, junto a los dem\u00e1s integrantes de la lista violeta.<\/p>\n\n\n\n<p>Ser\u00e1n parte tambi\u00e9n dirigentes provinciales que buscar\u00e1n ganar una banca en la Legislatura y el Senado bonaerenses en los comicios del 7 de septiembre, en el contexto de la campa\u00f1a \u00abunificada\u00bb que resolvieron llevar adelante LLA debido a que las dos votaciones est\u00e1n separadas s\u00f3lo por un mes y medio.<\/p>\n\n\n\n<p>Milei dar\u00e1 el \u00faltimo discurso y antes har\u00e1 lo propio Espert, elegido como cabeza de la n\u00f3mina violeta y quien buscar\u00e1 de este modo su reelecci\u00f3n.<\/p>\n\n\n\n<p>Ante la suspensi\u00f3n de la ceremonia proselitista, el Presidente permaneci\u00f3 hoy en la Quinta de Olivos, donde recibi\u00f3 a una delegaci\u00f3n de los Estados Unidos presidida por el almirante de la Marina, Alvin Holsey, jefe del Comando Sur de Estados Unidos (SOUTHCOM).<\/p>\n\n\n\n<p>En la reuni\u00f3n, el presidnete estuvo acompa\u00f1ado por el canciller Gerardo Werthein y el ministro de Defensa, Luis Petri.<\/p>\n\n\n\n<p>La Armada argentina participar\u00e1 en ejercicios navales con los Estados Unidos a realizarse entre el 15 de septiembre y el 6 de octubre en aguas norteamericanas, mientras que en 2026 se har\u00e1 el ejercicio Atl\u00e1ntico Dagger, en la Patagonia argentina.<\/p>\n\n\n\n<p>La agenda confirmada de Milei continuar\u00e1 el jueves pr\u00f3ximo, cuando participar\u00e1 del tradicional Council of the Americas junto a varios miembros de su Gabinete, entre ellos Luis Caputo, ministro de Econom\u00eda; Guillermo Francos, jefe de Gabinete, y Federico Sturzenegger, ministro de Desregulaci\u00f3n y Transformaci\u00f3n, entre otros.<\/p>\n\n\n\n<p>Adem\u00e1s estar\u00e1n en ese evento, que convoca a grandes empresarios locales e internacionales, la presidenta y CEO de AS\/COA (Americas Society\/Council of the Americas), Susan Segal, y el presidente de la CAC, Natalio Mario Grinman.<\/p>\n\n\n\n<p>El viernes Milei visitar\u00e1 Rosario para participar del acto central por el 141\u00b0 aniversario de la Bolsa de Comercio de la ciudad santafesina.<\/p>\n","protected":false},"excerpt":{"rendered":"<p>El presidente Javier Milei reprogram&oacute; para el pr&oacute;ximo lunes el acto de campa&ntilde;a de La Libertad Avanza (LLA), que ten&iacute;a previsto para hoy en Jun&iacute;n y que debi&oacute; posponerse debido al pron&oacute;stico de tormentas en la Ciudad y la provincia de Buenos Aires. Seg&uacute;n se supo de fuentes oficiales, Milei presentar&aacute; el lunes pr&oacute;ximo en [&hellip;]<\/p>\n","protected":false},"author":2,"featured_media":28270,"comment_status":"closed","ping_status":"closed","sticky":false,"template":"","format":"standard","meta":{"footnotes":""},"categories":[5,176],"tags":[709,232,1302,6466,266],"class_list":["post-28269","post","type-post","status-publish","format-standard","has-post-thumbnail","hentry","category-nacionales","category-politica","tag-acto","tag-javier-milei","tag-jose-luis-espert","tag-junin","tag-libertad-avanza"],"_links":{"self":[{"href":"https:\/\/partediario.com.ar\/index.php?rest_route=\/wp\/v2\/posts\/28269","targetHints":{"allow":["GET"]}}],"collection":[{"href":"https:\/\/partediario.com.ar\/index.php?rest_route=\/wp\/v2\/posts"}],"about":[{"href":"https:\/\/partediario.com.ar\/index.php?rest_route=\/wp\/v2\/types\/post"}],"author":[{"embeddable":true,"href":"https:\/\/partediario.com.ar\/index.php?rest_route=\/wp\/v2\/users\/2"}],"replies":[{"embeddable":true,"href":"https:\/\/partediario.com.ar\/index.php?rest_route=%2Fwp%2Fv2%2Fcomments&post=28269"}],"version-history":[{"count":1,"href":"https:\/\/partediario.com.ar\/index.php?rest_route=\/wp\/v2\/posts\/28269\/revisions"}],"predecessor-version":[{"id":28271,"href":"https:\/\/partediario.com.ar\/index.php?rest_route=\/wp\/v2\/posts\/28269\/revisions\/28271"}],"wp:featuredmedia":[{"embeddable":true,"href":"https:\/\/partediario.com.ar\/index.php?rest_route=\/wp\/v2\/media\/28270"}],"wp:attachment":[{"href":"https:\/\/partediario.com.ar\/index.php?rest_route=%2Fwp%2Fv2%2Fmedia&parent=28269"}],"wp:term":[{"taxonomy":"category","embeddable":true,"href":"https:\/\/partediario.com.ar\/index.php?rest_route=%2Fwp%2Fv2%2Fcategories&post=28269"},{"taxonomy":"post_tag","embeddable":true,"href":"https:\/\/partediario.com.ar\/index.php?rest_route=%2Fwp%2Fv2%2Ftags&post=28269"}],"curies":[{"name":"wp","href":"https:\/\/api.w.org\/{rel}","templated":true}]}}