{"id":2827,"date":"2024-06-18T14:15:08","date_gmt":"2024-06-18T17:15:08","guid":{"rendered":"https:\/\/partediario.com.ar\/?p=2827"},"modified":"2024-06-18T14:15:09","modified_gmt":"2024-06-18T17:15:09","slug":"adios-a-anibal-ulman-leyenda-del-chamame","status":"publish","type":"post","link":"https:\/\/partediario.com.ar\/?p=2827","title":{"rendered":"Adi\u00f3s a Anibal Ulman leyenda del chamam\u00e9"},"content":{"rendered":"\n<p><strong>El mundo del chamam\u00e9 de luto tras la triste noticia del fallecimiento de Anibal Ulman, el talentoso cantante de Los Majestuosos del Chamam\u00e9. Ulman, quien hab\u00eda sido hospitalizado debido a un infarto, falleci\u00f3 en las \u00faltimas horas, dejando un vac\u00edo en el coraz\u00f3n de la m\u00fasica regional.<\/strong><\/p>\n\n\n\n<p>Anibal Ulman se encontraba en estado cr\u00edtico en el Sanatorio Mar\u00eda Grande, luchando por su vida bajo cuidados intensivos y con asistencia respiratoria. A pesar de los esfuerzos m\u00e9dicos y las oraciones de sus seguidores, su salud se deterior\u00f3 hasta confirmarse su deceso el mediod\u00eda de este martes.<\/p>\n\n\n\n<p>La comunidad chamamecera ha expresado su profundo pesar por la partida de Ulman. Las redes sociales y los medios locales se han inundado de mensajes de despedida y condolencias, reflejando el impacto que tuvo su m\u00fasica en la cultura regional.<\/p>\n\n\n\n<p>Entre las voces que se han levantado para honrar su memoria est\u00e1 la de Padularrosa Romero, l\u00edder de otro grupo de chamam\u00e9, quien destac\u00f3 la alegr\u00eda que Ulman transmit\u00eda con su m\u00fasica. \u201cHasta siempre An\u00edbal Ulman. Con tu forma y tu manera de interpretar m\u00fasica, le llevaste alegr\u00eda a mucha gente\u201d, comparti\u00f3 Romero en un emotivo mensaje.<\/p>\n\n\n\n<p><\/p>\n\n\n\n<figure class=\"wp-block-embed is-type-video is-provider-youtube wp-block-embed-youtube wp-embed-aspect-4-3 wp-has-aspect-ratio\"><div class=\"wp-block-embed__wrapper\">\n<iframe loading=\"lazy\" title=\"Pagando las Cuentas\" width=\"640\" height=\"480\" src=\"https:\/\/www.youtube.com\/embed\/kF-hbkt4nYc?feature=oembed\" frameborder=\"0\" allow=\"accelerometer; autoplay; clipboard-write; encrypted-media; gyroscope; picture-in-picture; web-share\" referrerpolicy=\"strict-origin-when-cross-origin\" allowfullscreen><\/iframe>\n<\/div><\/figure>\n\n\n\n<p><\/p>\n\n\n\n<p>La partida de Anibal Ulman deja una huella imborrable en el chamam\u00e9, un g\u00e9nero que \u00e9l ayud\u00f3 a engrandecer con su voz y su pasi\u00f3n. Su legado continuar\u00e1 inspirando a futuras generaciones de m\u00fasicos y amantes de este ritmo tan caracter\u00edstico del litoral argentino. Q.E.P.D.<\/p>\n\n\n\n<p>Con informaci\u00f3n de Neo Net Music y Parte Diario<\/p>\n","protected":false},"excerpt":{"rendered":"<p>El mundo del chamam&eacute; de luto tras la triste noticia del fallecimiento de Anibal Ulman, el talentoso cantante de Los Majestuosos del Chamam&eacute;. Ulman, quien hab&iacute;a sido hospitalizado debido a un infarto, falleci&oacute; en las &uacute;ltimas horas, dejando un vac&iacute;o en el coraz&oacute;n de la m&uacute;sica regional. Anibal Ulman se encontraba en estado cr&iacute;tico en [&hellip;]<\/p>\n","protected":false},"author":2,"featured_media":2828,"comment_status":"open","ping_status":"open","sticky":false,"template":"","format":"standard","meta":{"footnotes":""},"categories":[6,8],"tags":[580,582,581,583],"class_list":["post-2827","post","type-post","status-publish","format-standard","has-post-thumbnail","hentry","category-locales","category-provinciales","tag-anibal-ulman","tag-chamame","tag-los-majestuosos","tag-maria-grande"],"_links":{"self":[{"href":"https:\/\/partediario.com.ar\/index.php?rest_route=\/wp\/v2\/posts\/2827","targetHints":{"allow":["GET"]}}],"collection":[{"href":"https:\/\/partediario.com.ar\/index.php?rest_route=\/wp\/v2\/posts"}],"about":[{"href":"https:\/\/partediario.com.ar\/index.php?rest_route=\/wp\/v2\/types\/post"}],"author":[{"embeddable":true,"href":"https:\/\/partediario.com.ar\/index.php?rest_route=\/wp\/v2\/users\/2"}],"replies":[{"embeddable":true,"href":"https:\/\/partediario.com.ar\/index.php?rest_route=%2Fwp%2Fv2%2Fcomments&post=2827"}],"version-history":[{"count":1,"href":"https:\/\/partediario.com.ar\/index.php?rest_route=\/wp\/v2\/posts\/2827\/revisions"}],"predecessor-version":[{"id":2829,"href":"https:\/\/partediario.com.ar\/index.php?rest_route=\/wp\/v2\/posts\/2827\/revisions\/2829"}],"wp:featuredmedia":[{"embeddable":true,"href":"https:\/\/partediario.com.ar\/index.php?rest_route=\/wp\/v2\/media\/2828"}],"wp:attachment":[{"href":"https:\/\/partediario.com.ar\/index.php?rest_route=%2Fwp%2Fv2%2Fmedia&parent=2827"}],"wp:term":[{"taxonomy":"category","embeddable":true,"href":"https:\/\/partediario.com.ar\/index.php?rest_route=%2Fwp%2Fv2%2Fcategories&post=2827"},{"taxonomy":"post_tag","embeddable":true,"href":"https:\/\/partediario.com.ar\/index.php?rest_route=%2Fwp%2Fv2%2Ftags&post=2827"}],"curies":[{"name":"wp","href":"https:\/\/api.w.org\/{rel}","templated":true}]}}